[{"@context":"https:\/\/schema.org\/","@type":"Article","@id":"https:\/\/www.mdecor.cz\/dovolena-v-jiznich-cechach\/#Article","mainEntityOfPage":"https:\/\/www.mdecor.cz\/dovolena-v-jiznich-cechach\/","headline":"Dovolen\u00e1 v ji\u017en\u00edch \u010cech\u00e1ch","name":"Dovolen\u00e1 v ji\u017en\u00edch \u010cech\u00e1ch","description":"Tato p\u0159ekr\u00e1sn\u00e1 oblast je po stalet\u00ed spravov\u00e1na lidmi v\u00a0souladu s\u00a0p\u0159\u00edrodou a svou rozmanitost\u00ed p\u0159ekvap\u00ed ka\u017ed\u00e9ho, kdo sem zav\u00edt\u00e1. Ten, kdo se do tohoto kraje vyprav\u00ed za histori\u00ed a pam\u00e1tkami uvid\u00ed, jak bohat\u00e9 a osv\u00edcen\u00e9 byly \u0161lechtick\u00e9 rody a jac\u00ed zde \u017eili skv\u011bl\u00ed um\u011blci a \u0159emesln\u00edci. Z\u016fstalo zde toti\u017e po nich nekone\u010dn\u00e9 mno\u017estv\u00ed kulturn\u00edch a historick\u00fdch [&hellip;]","datePublished":"2019-06-12","dateModified":"2023-06-06","author":{"@type":"Person","@id":"https:\/\/www.mdecor.cz\/author\/#Person","name":"","url":"https:\/\/www.mdecor.cz\/author\/","identifier":1,"image":{"@type":"ImageObject","@id":"https:\/\/secure.gravatar.com\/avatar\/42264ea8f5170010011c6bbf811aa6c31c20ad3acf2a9bd21dca0746ea8c832a?s=96&d=mm&r=g","url":"https:\/\/secure.gravatar.com\/avatar\/42264ea8f5170010011c6bbf811aa6c31c20ad3acf2a9bd21dca0746ea8c832a?s=96&d=mm&r=g","height":96,"width":96}},"publisher":{"@type":"Organization","name":"mdecor.cz","logo":{"@type":"ImageObject","@id":"\/logo.png","url":"\/logo.png","width":600,"height":60}},"image":{"@type":"ImageObject","@id":"https:\/\/www.mdecor.cz\/wp-content\/uploads\/img_a348754_w2182_t1563636648.jpg","url":"https:\/\/www.mdecor.cz\/wp-content\/uploads\/img_a348754_w2182_t1563636648.jpg","height":0,"width":0},"url":"https:\/\/www.mdecor.cz\/dovolena-v-jiznich-cechach\/","wordCount":404,"articleBody":"Tato p\u0159ekr\u00e1sn\u00e1 oblast je po stalet\u00ed spravov\u00e1na lidmi v\u00a0souladu s\u00a0p\u0159\u00edrodou a svou rozmanitost\u00ed p\u0159ekvap\u00ed ka\u017ed\u00e9ho, kdo sem zav\u00edt\u00e1. Ten, kdo se do tohoto kraje vyprav\u00ed za histori\u00ed a pam\u00e1tkami uvid\u00ed, jak bohat\u00e9 a osv\u00edcen\u00e9 byly \u0161lechtick\u00e9 rody a jac\u00ed zde \u017eili skv\u011bl\u00ed um\u011blci a \u0159emesln\u00edci. Z\u016fstalo zde toti\u017e po nich nekone\u010dn\u00e9 mno\u017estv\u00ed kulturn\u00edch a historick\u00fdch pam\u00e1tek.Je zde mnoho starobyl\u00fdch m\u011bst, kter\u00e1 jsou pln\u00e1 kulturn\u00edch akc\u00ed a pestr\u00e9ho \u017eivota. Najdeme v\u00a0nich gotick\u00e9 kostely sahaj\u00edc\u00ed a\u017e do nebe, poh\u00e1dkov\u00e9 renesan\u010dn\u00ed z\u00e1mky, za zm\u00ednku stoj\u00ed p\u0159edev\u0161\u00edm z\u00e1mky jako Hlubok\u00e1 nad Vltavou nedaleko \u010cesk\u00fdch Bud\u011bjovic nebo jedine\u010dn\u00fd vodn\u00ed z\u00e1mek \u010cerven\u00e1 Lhota v\u00a0bl\u00edzkosti Jind\u0159ichova Hradce, architektonicky unik\u00e1tn\u00ed kl\u00e1\u0161tery i oby\u010dejn\u00e9 domy a p\u0159edev\u0161\u00edm d\u016fmysln\u011b \u0159e\u0161en\u00e9 obrovsk\u00e9 mno\u017estv\u00ed rybni\u010dn\u00fdch syst\u00e9m\u016f. V\u00fdhodou kraje je i to, \u017ee zde nejsou \u017e\u00e1dn\u00e9 pr\u016fmyslov\u00e9 podniky a proto zde naleznete tak kr\u00e1snou a netknutou \u0161umavskou p\u0159\u00edrodu. Je to m\u00edsto s\u00a0nejvy\u0161\u0161\u00edm po\u010dtem chr\u00e1n\u011bn\u00fdch \u00fazem\u00ed u n\u00e1s. Typick\u00e1 krajina kolem \u010cesk\u00fdch Bud\u011bjovic je vyzna\u010dena nekone\u010dn\u00fdm mno\u017estv\u00edm rybn\u00edk\u016f, jehli\u010dn\u00fdch les\u016f a ob\u0159\u00edmi plochami ra\u0161elini\u0161\u0165. To v\u0161e je o\u017eiveno siluetami jiho\u010desk\u00fdch vesni\u010dek s\u00a0kr\u00e1sn\u00fdmi venkovsk\u00fdmi kostel\u00edky. Krom\u011b krajsk\u00e9ho m\u011bsta m\u016f\u017eete tak\u00e9 nav\u0161t\u00edvit kr\u00e1sn\u00e1 m\u00edsta, jako jsou T\u0159ebo\u0148, Vesel\u00ed nad Lu\u017enic\u00ed nebo Jind\u0159ich\u016fv Hradec.M\u00edstn\u00ed krajina m\u016f\u017ee b\u00fdt m\u00edsty i velmi drsn\u00e1, obzvl\u00e1\u0161t\u011b v\u00a0horsk\u00fdch oblastech kolem Novohradsk\u00fdch hor, Blanensk\u00e9ho lesa a p\u0159edev\u0161\u00edm samotn\u00e9 \u0160umavy. Kr\u00e1snou p\u0159\u00edrodu m\u016f\u017eete nav\u0161t\u00edvit i v\u00a0okol\u00ed Jind\u0159ichova Hradce, kter\u00e1 je naz\u00fdv\u00e1na \u010cesk\u00e1 Kanada. Pokud se vyd\u00e1te na sever kraje, m\u016f\u017eete nav\u0161t\u00edvit m\u011bsto P\u00edsek u \u0159ek Vltavy a Otavy nebo m\u00edsta kolem T\u00e1bora, kter\u00e1 jsou zn\u00e1ma p\u0159edev\u0161\u00edm d\u00edky husitsk\u00e9mu obdob\u00ed. A\u010dkoli jsou jiho\u010desk\u00e1 m\u011bsta velmi starobyl\u00e1 a historick\u00e1, setk\u00e1te se zde s\u00a0neopakovatelnou atmosf\u00e9rou p\u0159\u00edjemn\u00e9ho modern\u00edho \u017eivota.                                                                                                                                                                                                                                                                                                                                                                                        4\/5 - (6 votes)        "},{"@context":"https:\/\/schema.org\/","@type":"BreadcrumbList","itemListElement":[{"@type":"ListItem","position":1,"name":"Dovolen\u00e1 v ji\u017en\u00edch \u010cech\u00e1ch","item":"https:\/\/www.mdecor.cz\/dovolena-v-jiznich-cechach\/#breadcrumbitem"}]}]