{"@context":"https:\/\/schema.org\/","@type":"CollectionPage","@id":"https:\/\/www.mdecor.cz\/dum-a-byt\/#CollectionPage","headline":"D\u016fm a byt Category","description":"","url":"https:\/\/www.mdecor.cz\/dum-a-byt\/","hasPart":[{"@type":"Article","@id":"https:\/\/www.mdecor.cz\/bydleni-v-dome-nebo-byte\/","headline":"Bydlen\u00ed v dom\u011b nebo byt\u011b?","url":"https:\/\/www.mdecor.cz\/bydleni-v-dome-nebo-byte\/","datePublished":"2023-11-22","dateModified":"2023-11-22","mainEntityOfPage":"https:\/\/www.mdecor.cz\/bydleni-v-dome-nebo-byte\/","author":{"@type":"Person","@id":"https:\/\/www.mdecor.cz\/author\/#Person","name":"","url":"https:\/\/www.mdecor.cz\/author\/","identifier":1,"image":{"@type":"ImageObject","@id":"https:\/\/secure.gravatar.com\/avatar\/42264ea8f5170010011c6bbf811aa6c31c20ad3acf2a9bd21dca0746ea8c832a?s=96&d=mm&r=g","url":"https:\/\/secure.gravatar.com\/avatar\/42264ea8f5170010011c6bbf811aa6c31c20ad3acf2a9bd21dca0746ea8c832a?s=96&d=mm&r=g","height":96,"width":96}},"publisher":{"@type":"Organization","name":"mdecor.cz","logo":{"@type":"ImageObject","@id":"\/logo.png","url":"\/logo.png","width":600,"height":60}},"image":{"@type":"ImageObject","@id":"https:\/\/www.mdecor.cz\/wp-content\/uploads\/N%C3%A1vrh%20bez%20n%C3%A1zvu%20(2)_4.png","url":"https:\/\/www.mdecor.cz\/wp-content\/uploads\/N%C3%A1vrh%20bez%20n%C3%A1zvu%20(2)_4.png","height":0,"width":0},"keywords":null},{"@type":"Article","@id":"https:\/\/www.mdecor.cz\/zarizeni-vyjadrujici-osobnost\/","headline":"Za\u0159\u00edzen\u00ed vyjad\u0159uj\u00edc\u00ed osobnost","url":"https:\/\/www.mdecor.cz\/zarizeni-vyjadrujici-osobnost\/","datePublished":"2023-07-17","dateModified":"2023-07-17","mainEntityOfPage":"https:\/\/www.mdecor.cz\/zarizeni-vyjadrujici-osobnost\/","author":{"@type":"Person","@id":"https:\/\/www.mdecor.cz\/author\/#Person","name":"","url":"https:\/\/www.mdecor.cz\/author\/","identifier":1,"image":{"@type":"ImageObject","@id":"https:\/\/secure.gravatar.com\/avatar\/42264ea8f5170010011c6bbf811aa6c31c20ad3acf2a9bd21dca0746ea8c832a?s=96&d=mm&r=g","url":"https:\/\/secure.gravatar.com\/avatar\/42264ea8f5170010011c6bbf811aa6c31c20ad3acf2a9bd21dca0746ea8c832a?s=96&d=mm&r=g","height":96,"width":96}},"publisher":{"@type":"Organization","name":"mdecor.cz","logo":{"@type":"ImageObject","@id":"\/logo.png","url":"\/logo.png","width":600,"height":60}},"image":{"@type":"ImageObject","@id":"https:\/\/www.mdecor.cz\/wp-content\/uploads\/wall-416060_640_10_3.jpg","url":"https:\/\/www.mdecor.cz\/wp-content\/uploads\/wall-416060_640_10_3.jpg","height":0,"width":0},"keywords":null},{"@type":"Article","@id":"https:\/\/www.mdecor.cz\/objevte-kouzlo-drevostaveb\/","headline":"Objevte kouzlo d\u0159evostaveb!","url":"https:\/\/www.mdecor.cz\/objevte-kouzlo-drevostaveb\/","datePublished":"2020-08-10","dateModified":"2023-06-06","mainEntityOfPage":"https:\/\/www.mdecor.cz\/objevte-kouzlo-drevostaveb\/","author":{"@type":"Person","@id":"https:\/\/www.mdecor.cz\/author\/#Person","name":"","url":"https:\/\/www.mdecor.cz\/author\/","identifier":1,"image":{"@type":"ImageObject","@id":"https:\/\/secure.gravatar.com\/avatar\/42264ea8f5170010011c6bbf811aa6c31c20ad3acf2a9bd21dca0746ea8c832a?s=96&d=mm&r=g","url":"https:\/\/secure.gravatar.com\/avatar\/42264ea8f5170010011c6bbf811aa6c31c20ad3acf2a9bd21dca0746ea8c832a?s=96&d=mm&r=g","height":96,"width":96}},"publisher":{"@type":"Organization","name":"mdecor.cz","logo":{"@type":"ImageObject","@id":"\/logo.png","url":"\/logo.png","width":600,"height":60}},"image":{"@type":"ImageObject","@id":"https:\/\/www.mdecor.cz\/wp-content\/uploads\/d%C5%99ev%C4%9Bn%C3%BD%20interi%C3%A9r.jpg","url":"https:\/\/www.mdecor.cz\/wp-content\/uploads\/d%C5%99ev%C4%9Bn%C3%BD%20interi%C3%A9r.jpg","height":0,"width":0},"keywords":null},{"@type":"Article","@id":"https:\/\/www.mdecor.cz\/vanocni-kouzleni-v-dome-i-byte\/","headline":"V\u00e1no\u010dn\u00ed kouzlen\u00ed v dom\u011b i byt\u011b","url":"https:\/\/www.mdecor.cz\/vanocni-kouzleni-v-dome-i-byte\/","datePublished":"2019-12-21","dateModified":"2023-06-06","mainEntityOfPage":"https:\/\/www.mdecor.cz\/vanocni-kouzleni-v-dome-i-byte\/","author":{"@type":"Person","@id":"https:\/\/www.mdecor.cz\/author\/#Person","name":"","url":"https:\/\/www.mdecor.cz\/author\/","identifier":1,"image":{"@type":"ImageObject","@id":"https:\/\/secure.gravatar.com\/avatar\/42264ea8f5170010011c6bbf811aa6c31c20ad3acf2a9bd21dca0746ea8c832a?s=96&d=mm&r=g","url":"https:\/\/secure.gravatar.com\/avatar\/42264ea8f5170010011c6bbf811aa6c31c20ad3acf2a9bd21dca0746ea8c832a?s=96&d=mm&r=g","height":96,"width":96}},"publisher":{"@type":"Organization","name":"mdecor.cz","logo":{"@type":"ImageObject","@id":"\/logo.png","url":"\/logo.png","width":600,"height":60}},"image":{"@type":"ImageObject","@id":"https:\/\/www.mdecor.cz\/wp-content\/uploads\/img_a364620_w3887_t1577363920.jpg","url":"https:\/\/www.mdecor.cz\/wp-content\/uploads\/img_a364620_w3887_t1577363920.jpg","height":0,"width":0},"keywords":null},{"@type":"Article","@id":"https:\/\/www.mdecor.cz\/hozena-rukavice-podnikatelum\/","headline":"Hozen\u00e1 rukavice podnikatel\u016fm","url":"https:\/\/www.mdecor.cz\/hozena-rukavice-podnikatelum\/","datePublished":"2019-12-13","dateModified":"2023-06-06","mainEntityOfPage":"https:\/\/www.mdecor.cz\/hozena-rukavice-podnikatelum\/","author":{"@type":"Person","@id":"https:\/\/www.mdecor.cz\/author\/#Person","name":"","url":"https:\/\/www.mdecor.cz\/author\/","identifier":1,"image":{"@type":"ImageObject","@id":"https:\/\/secure.gravatar.com\/avatar\/42264ea8f5170010011c6bbf811aa6c31c20ad3acf2a9bd21dca0746ea8c832a?s=96&d=mm&r=g","url":"https:\/\/secure.gravatar.com\/avatar\/42264ea8f5170010011c6bbf811aa6c31c20ad3acf2a9bd21dca0746ea8c832a?s=96&d=mm&r=g","height":96,"width":96}},"publisher":{"@type":"Organization","name":"mdecor.cz","logo":{"@type":"ImageObject","@id":"\/logo.png","url":"\/logo.png","width":600,"height":60}},"image":{"@type":"ImageObject","@id":"https:\/\/www.mdecor.cz\/wp-content\/uploads\/img_a377379_w3887_t1589189327.png","url":"https:\/\/www.mdecor.cz\/wp-content\/uploads\/img_a377379_w3887_t1589189327.png","height":0,"width":0},"keywords":null},{"@type":"Article","@id":"https:\/\/www.mdecor.cz\/bio-hnojivo-domaci-vyroby\/","headline":"Bio hnojivo dom\u00e1c\u00ed v\u00fdroby","url":"https:\/\/www.mdecor.cz\/bio-hnojivo-domaci-vyroby\/","datePublished":"2019-10-24","dateModified":"2023-06-06","mainEntityOfPage":"https:\/\/www.mdecor.cz\/bio-hnojivo-domaci-vyroby\/","author":{"@type":"Person","@id":"https:\/\/www.mdecor.cz\/author\/#Person","name":"","url":"https:\/\/www.mdecor.cz\/author\/","identifier":1,"image":{"@type":"ImageObject","@id":"https:\/\/secure.gravatar.com\/avatar\/42264ea8f5170010011c6bbf811aa6c31c20ad3acf2a9bd21dca0746ea8c832a?s=96&d=mm&r=g","url":"https:\/\/secure.gravatar.com\/avatar\/42264ea8f5170010011c6bbf811aa6c31c20ad3acf2a9bd21dca0746ea8c832a?s=96&d=mm&r=g","height":96,"width":96}},"publisher":{"@type":"Organization","name":"mdecor.cz","logo":{"@type":"ImageObject","@id":"\/logo.png","url":"\/logo.png","width":600,"height":60}},"image":{"@type":"ImageObject","@id":"https:\/\/www.mdecor.cz\/wp-content\/uploads\/img_a344514_w2940_t1558358266.jpg","url":"https:\/\/www.mdecor.cz\/wp-content\/uploads\/img_a344514_w2940_t1558358266.jpg","height":0,"width":0},"keywords":null},{"@type":"Article","@id":"https:\/\/www.mdecor.cz\/krb-je-teplo-domova-trouba-zase-srdcem\/","headline":"Krb je teplo domova, trouba zase srdcem","url":"https:\/\/www.mdecor.cz\/krb-je-teplo-domova-trouba-zase-srdcem\/","datePublished":"2019-10-21","dateModified":"2023-06-06","mainEntityOfPage":"https:\/\/www.mdecor.cz\/krb-je-teplo-domova-trouba-zase-srdcem\/","author":{"@type":"Person","@id":"https:\/\/www.mdecor.cz\/author\/#Person","name":"","url":"https:\/\/www.mdecor.cz\/author\/","identifier":1,"image":{"@type":"ImageObject","@id":"https:\/\/secure.gravatar.com\/avatar\/42264ea8f5170010011c6bbf811aa6c31c20ad3acf2a9bd21dca0746ea8c832a?s=96&d=mm&r=g","url":"https:\/\/secure.gravatar.com\/avatar\/42264ea8f5170010011c6bbf811aa6c31c20ad3acf2a9bd21dca0746ea8c832a?s=96&d=mm&r=g","height":96,"width":96}},"publisher":{"@type":"Organization","name":"mdecor.cz","logo":{"@type":"ImageObject","@id":"\/logo.png","url":"\/logo.png","width":600,"height":60}},"image":{"@type":"ImageObject","@id":"https:\/\/www.mdecor.cz\/wp-content\/uploads\/img_a345026_w2824_t1558799529.jpg","url":"https:\/\/www.mdecor.cz\/wp-content\/uploads\/img_a345026_w2824_t1558799529.jpg","height":0,"width":0},"keywords":null}]}