[{"@context":"https:\/\/schema.org\/","@type":"Article","@id":"https:\/\/www.mdecor.cz\/garnyze-jsou-vice-ucelove\/#Article","mainEntityOfPage":"https:\/\/www.mdecor.cz\/garnyze-jsou-vice-ucelove\/","headline":"Garn\u00fd\u017ee jsou v\u00edce \u00fa\u010delov\u00e9","name":"Garn\u00fd\u017ee jsou v\u00edce \u00fa\u010delov\u00e9","description":"M\u00e1te za \u00fakol doza\u0159izovat firemn\u00ed prostory &#8211; kancel\u00e1\u0159e, haly, chodby, posluch\u00e1rnu. Je to tam v\u0161e ji\u017e dokon\u010den\u00e9 a\u017e na mal\u00e9 dod\u011bl\u00e1vky, chyb\u00ed garn\u00fd\u017ee a dekora\u010dn\u00ed textilie. Co s t\u00edm? Va\u0161e fantazie je v konc\u00edch. Nejl\u00e9pe ud\u011bl\u00e1te, kdy\u017e nav\u0161t\u00edv\u00edte vyhl\u00e1\u0161en\u00e9 poradce v oboru bytov\u00e9ho poradenstv\u00ed, design\u00e9ry, n\u00e1vrh\u00e1\u0159e. Sd\u011bl\u00edte jim sv\u00e9 p\u0159edstavy o tom, jak m\u00edstnosti maj\u00ed [&hellip;]","datePublished":"2025-04-29","dateModified":"2025-04-29","author":{"@type":"Person","@id":"https:\/\/www.mdecor.cz\/author\/#Person","name":"","url":"https:\/\/www.mdecor.cz\/author\/","identifier":1,"image":{"@type":"ImageObject","@id":"https:\/\/secure.gravatar.com\/avatar\/42264ea8f5170010011c6bbf811aa6c31c20ad3acf2a9bd21dca0746ea8c832a?s=96&d=mm&r=g","url":"https:\/\/secure.gravatar.com\/avatar\/42264ea8f5170010011c6bbf811aa6c31c20ad3acf2a9bd21dca0746ea8c832a?s=96&d=mm&r=g","height":96,"width":96}},"publisher":{"@type":"Organization","name":"mdecor.cz","logo":{"@type":"ImageObject","@id":"\/logo.png","url":"\/logo.png","width":600,"height":60}},"url":"https:\/\/www.mdecor.cz\/garnyze-jsou-vice-ucelove\/","wordCount":167,"articleBody":"M\u00e1te za \u00fakol doza\u0159izovat firemn\u00ed prostory &#8211; kancel\u00e1\u0159e, haly, chodby, posluch\u00e1rnu. Je to tam v\u0161e ji\u017e dokon\u010den\u00e9 a\u017e na mal\u00e9 dod\u011bl\u00e1vky, chyb\u00ed garn\u00fd\u017ee a dekora\u010dn\u00ed textilie. Co s t\u00edm? Va\u0161e fantazie je v konc\u00edch. Nejl\u00e9pe ud\u011bl\u00e1te, kdy\u017e nav\u0161t\u00edv\u00edte vyhl\u00e1\u0161en\u00e9 poradce v oboru bytov\u00e9ho poradenstv\u00ed, design\u00e9ry, n\u00e1vrh\u00e1\u0159e. Sd\u011bl\u00edte jim sv\u00e9 p\u0159edstavy o tom, jak m\u00edstnosti maj\u00ed vypadat a oni si u\u017e porad\u00ed. Vybrat oby\u010dejn\u00e9 garn\u00fd\u017ee pro n\u011b bude hra\u010dka. V duchu elegantn\u00edm \u010di le\u017e\u00e9rn\u00edm? Nejd\u016fle\u017eit\u011bj\u0161\u00ed je, abyste jim sd\u011blili, jak maj\u00ed tyto m\u00edstnosti fungovat, k \u010demu budou slou\u017eit, jak \u010dasto budou vyu\u017e\u00edv\u00e1ny a dal\u0161\u00ed podrobnosti. Barvy podlahy a n\u00e1bytku by m\u011bla korespondovat nebo kontrastovat s barvami z\u00e1clon, z\u00e1v\u011bs\u016f a tot\u00e9\u017e se t\u00fdk\u00e1 sortimentu garn\u00fd\u017ee. Ale v\u00fdsledek bude jist\u011b \u00fa\u017easn\u00fd!                                                                                                                                                                                                                                                                                                                                                                                                "},{"@context":"https:\/\/schema.org\/","@type":"BreadcrumbList","itemListElement":[{"@type":"ListItem","position":1,"name":"Garn\u00fd\u017ee jsou v\u00edce \u00fa\u010delov\u00e9","item":"https:\/\/www.mdecor.cz\/garnyze-jsou-vice-ucelove\/#breadcrumbitem"}]}]