[{"@context":"https:\/\/schema.org\/","@type":"Article","@id":"https:\/\/www.mdecor.cz\/jak-zlepsit-gramatiku-vasich-deti\/#Article","mainEntityOfPage":"https:\/\/www.mdecor.cz\/jak-zlepsit-gramatiku-vasich-deti\/","headline":"Jak zlep\u0161it gramatiku va\u0161ich d\u011bt\u00ed","name":"Jak zlep\u0161it gramatiku va\u0161ich d\u011bt\u00ed","description":"U\u017e se d\u011bs\u00edte toho, kdy zase v\u00e1\u0161 mal\u00fd \u0161kol\u00e1k p\u0159inese dom\u016f dal\u0161\u00ed \u0161patnou zn\u00e1mku z gramatiky? U\u017e si nev\u00edte rady s t\u00edm, jak to zlep\u0161it, jak mu v\u0161t\u00edpit pot\u0159ebn\u00e9 znalosti a pomoci mu gramatiku pochopit? V takov\u00fdch p\u0159\u00edpadech v\u00e1m pom\u016f\u017ee nejen \u010dast\u00e9 u\u010den\u00ed a opakov\u00e1n\u00ed probran\u00e9 \u0161koln\u00ed l\u00e1tky, ale tak\u00e9 m\u016f\u017eete hledat pomoc v hudebn\u00ed [&hellip;]","datePublished":"2017-09-02","dateModified":"2023-06-06","author":{"@type":"Person","@id":"https:\/\/www.mdecor.cz\/author\/#Person","name":"","url":"https:\/\/www.mdecor.cz\/author\/","identifier":1,"image":{"@type":"ImageObject","@id":"https:\/\/secure.gravatar.com\/avatar\/42264ea8f5170010011c6bbf811aa6c31c20ad3acf2a9bd21dca0746ea8c832a?s=96&d=mm&r=g","url":"https:\/\/secure.gravatar.com\/avatar\/42264ea8f5170010011c6bbf811aa6c31c20ad3acf2a9bd21dca0746ea8c832a?s=96&d=mm&r=g","height":96,"width":96}},"publisher":{"@type":"Organization","name":"mdecor.cz","logo":{"@type":"ImageObject","@id":"\/logo.png","url":"\/logo.png","width":600,"height":60}},"image":{"@type":"ImageObject","@id":"https:\/\/www.mdecor.cz\/wp-content\/uploads\/img_a299735_w2366_t1509646767.jpg","url":"https:\/\/www.mdecor.cz\/wp-content\/uploads\/img_a299735_w2366_t1509646767.jpg","height":0,"width":0},"url":"https:\/\/www.mdecor.cz\/jak-zlepsit-gramatiku-vasich-deti\/","about":["Kultura"],"wordCount":409,"articleBody":"U\u017e se d\u011bs\u00edte toho, kdy zase v\u00e1\u0161 mal\u00fd \u0161kol\u00e1k p\u0159inese dom\u016f dal\u0161\u00ed \u0161patnou zn\u00e1mku z gramatiky? U\u017e si nev\u00edte rady s t\u00edm, jak to zlep\u0161it, jak mu v\u0161t\u00edpit pot\u0159ebn\u00e9 znalosti a pomoci mu gramatiku pochopit? V takov\u00fdch p\u0159\u00edpadech v\u00e1m pom\u016f\u017ee nejen \u010dast\u00e9 u\u010den\u00ed a opakov\u00e1n\u00ed probran\u00e9 \u0161koln\u00ed l\u00e1tky, ale tak\u00e9 m\u016f\u017eete hledat pomoc v hudebn\u00ed oblasti. Tato spojitost je i l\u00e9ka\u0159sky podlo\u017een\u00e1, tak pro\u010d to nezkusit?Hudba je l\u00e9k &ndash; a plat\u00ed to v r\u016fzn\u00fdch oblastechTo \u017ee hudba je l\u00e9k je velice zn\u00e1m\u00e1 v\u011bc. Ka\u017ed\u00fd z n\u00e1s si ob\u010das n\u011bjakou obl\u00edbenou hudbou l\u00e9\u010d\u00ed du\u0161i. L\u00e9\u010d\u00ed po\u0161ramocenou du\u0161i, spl\u00edny, \u0161patnou n\u00e1ladu i \u0161patn\u00fd den. Ale v\u011bd\u011bli jste, \u017ee hudba dok\u00e1\u017ee pomoci tak\u00e9 i v jin\u00fdch oblastech? Ano, je to tak, hudba m\u016f\u017ee pomoci i va\u0161emu d\u00edt\u011bti, pokud mu d\u011bl\u00e1 gramatika obt\u00ed\u017ee .Mo\u017en\u00fdm probl\u00e9m\u016fm s gramatikou m\u016f\u017eete tak\u00e9 do budoucna p\u0159edej\u00edt a v\u00e9st va\u0161e d\u00edt\u011b k hudb\u011b u\u017e od ran\u00e9ho v\u011bku. N\u011bjakou tu hudebn\u00ed v\u00fdchovu zvl\u00e1dnete i u v\u00e1s doma, nebo m\u016f\u017eete s d\u011btmi nav\u0161t\u011bvovat r\u016fzn\u00e9 specializovan\u00e9 hudebn\u00ed kurzy, nap\u0159\u00edklad kurz Yamaha, kter\u00fd se kon\u00e1 v r\u016fzn\u00fdch m\u011bstech po cel\u00e9 \u010cesk\u00e9 republice.HUDEBN\u00cd KURZ YAMAHAHudebn\u00ed kurz Yamaha je ur\u010den pro d\u011bti r\u016fzn\u00fdch v\u011bkov\u00fdch kategori\u00ed. P\u0159ihl\u00e1sit tak m\u016f\u017eete va\u0161e d\u00edtko u\u017e od 4 &ndash; 18 m\u011bs\u00edc\u016f (rob\u00e1tka), d\u00e1le d\u011bti ve v\u011bku 1,5 &ndash; 4 roky (prvn\u00ed kr\u016f\u010dky k hudb\u011b) a d\u011bti od 4 &ndash; 6 let (rytmick\u00e9 kr\u016f\u010dky). Za\u010d\u00edt va\u0161e d\u00edtko v\u00e9st k hudb\u011b tak m\u016f\u017eete prakticky od narozen\u00ed a\u017e po za\u010d\u00e1tek \u0161koln\u00ed doch\u00e1zky. D\u00edt\u011b si tak osvoj\u00ed l\u00e1sku k hudb\u011b, pozn\u00e1 r\u016fzn\u00e9 melodie a hudebn\u00ed n\u00e1stroje a vedlej\u0161\u00edm efektem mo\u017en\u00e1 tak\u00e9 bude pr\u00e1v\u011b zlep\u0161en\u00ed gramatiky. Proto nev\u00e1hejte a pokud p\u0159em\u00fd\u0161l\u00edte o tom, kam s va\u0161\u00edm d\u00edtkem pravideln\u011b chodit, tak zvolte tento hudebn\u00ed kurz Yamaha, kter\u00fd se t\u011b\u0161\u00ed velk\u00e9 oblib\u011b nejen mezi d\u011btmi, ale tak\u00e9 mezi jejich rodi\u010di.                                                                                                                                                                                                                                                                                                                                                                                        3.7\/5 - (8 votes)        "},{"@context":"https:\/\/schema.org\/","@type":"BreadcrumbList","itemListElement":[{"@type":"ListItem","position":1,"name":"Jak zlep\u0161it gramatiku va\u0161ich d\u011bt\u00ed","item":"https:\/\/www.mdecor.cz\/jak-zlepsit-gramatiku-vasich-deti\/#breadcrumbitem"}]}]