[{"@context":"https:\/\/schema.org\/","@type":"Article","@id":"https:\/\/www.mdecor.cz\/jaka-specifika-ma-zabradli-na-balkon-oproti-schodistovemu\/#Article","mainEntityOfPage":"https:\/\/www.mdecor.cz\/jaka-specifika-ma-zabradli-na-balkon-oproti-schodistovemu\/","headline":"Jak\u00e1 specifika m\u00e1 z\u00e1bradl\u00ed na balk\u00f3n oproti schodi\u0161\u0165ov\u00e9mu","name":"Jak\u00e1 specifika m\u00e1 z\u00e1bradl\u00ed na balk\u00f3n oproti schodi\u0161\u0165ov\u00e9mu","description":"Existuj\u00ed v\u011bci, kter\u00e9 se staly tak b\u011b\u017enou sou\u010d\u00e1st\u00ed na\u0161ich \u017eivot\u016f, \u017ee jim prakticky nev\u011bnujeme \u017e\u00e1dnou pozornost, a\u010dkoliv je pou\u017e\u00edv\u00e1me denn\u011b a sv\u016fj \u017eivot bychom si bez nich ji\u017e t\u00e9m\u011b\u0159 nedovedli p\u0159edstavit. P\u0159\u00edkladem m\u016f\u017ee b\u00fdt nap\u0159\u00edklad z\u00e1bradl\u00ed, a to jak balk\u00f3nov\u00e9, tak schodi\u0161\u0165ov\u00e9. A skute\u010dn\u011b, jen si p\u0159edstavte, \u017ee byste \u0161li na terasu, kde by nebylo [&hellip;]","datePublished":"2020-12-15","dateModified":"2023-06-06","author":{"@type":"Person","@id":"https:\/\/www.mdecor.cz\/author\/#Person","name":"","url":"https:\/\/www.mdecor.cz\/author\/","identifier":1,"image":{"@type":"ImageObject","@id":"https:\/\/secure.gravatar.com\/avatar\/42264ea8f5170010011c6bbf811aa6c31c20ad3acf2a9bd21dca0746ea8c832a?s=96&d=mm&r=g","url":"https:\/\/secure.gravatar.com\/avatar\/42264ea8f5170010011c6bbf811aa6c31c20ad3acf2a9bd21dca0746ea8c832a?s=96&d=mm&r=g","height":96,"width":96}},"publisher":{"@type":"Organization","name":"mdecor.cz","logo":{"@type":"ImageObject","@id":"\/logo.png","url":"\/logo.png","width":600,"height":60}},"image":{"@type":"ImageObject","@id":"https:\/\/www.mdecor.cz\/wp-content\/uploads\/balkon2_10_3.png","url":"https:\/\/www.mdecor.cz\/wp-content\/uploads\/balkon2_10_3.png","height":0,"width":0},"url":"https:\/\/www.mdecor.cz\/jaka-specifika-ma-zabradli-na-balkon-oproti-schodistovemu\/","wordCount":420,"articleBody":"     Existuj\u00ed v\u011bci, kter\u00e9 se staly tak b\u011b\u017enou sou\u010d\u00e1st\u00ed na\u0161ich \u017eivot\u016f, \u017ee jim prakticky nev\u011bnujeme \u017e\u00e1dnou pozornost, a\u010dkoliv je pou\u017e\u00edv\u00e1me denn\u011b a sv\u016fj \u017eivot bychom si bez nich ji\u017e t\u00e9m\u011b\u0159 nedovedli p\u0159edstavit. P\u0159\u00edkladem m\u016f\u017ee b\u00fdt nap\u0159\u00edklad z\u00e1bradl\u00ed, a to jak balk\u00f3nov\u00e9, tak schodi\u0161\u0165ov\u00e9. A skute\u010dn\u011b, jen si p\u0159edstavte, \u017ee byste \u0161li na terasu, kde by nebylo z\u00e1bradl\u00ed. Asi by v\u00e1m moc p\u0159\u00edjemn\u011b nebylo, zvl\u00e1\u0161t\u011b pokud by byla ve v\u011bt\u0161\u00ed v\u00fd\u0161ce.Vzhledem k tomu, \u017ee je prakticky p\u0159ehl\u00ed\u017e\u00edme, nen\u00ed divu, \u017ee si ani nev\u0161imneme drobn\u00fdch rozd\u00edl\u016f, kter\u00e9 mezi t\u011bmito dv\u011bma typy jsou. Jist\u011b, na prvn\u00ed pohled vypadaj\u00ed skoro stejn\u011b, av\u0161ak kdy\u017e se pod\u00edv\u00e1me bl\u00ed\u017ee, zjist\u00edme, \u017ee se od sebe pom\u011brn\u011b dost li\u0161\u00ed. Jak\u00e9 jsou tyto rozd\u00edly?V prvn\u00ed \u0159ad\u011b je to um\u00edst\u011bn\u00ed. Z valn\u00e9 v\u011bt\u0161iny je to schodi\u0161\u0165ov\u00e9 um\u00edst\u011bno uvnit\u0159 budovy, zat\u00edmco balk\u00f3nov\u00e9 venku. To tak\u00e9 znamen\u00e1, \u017ee mus\u00ed \u010delit jin\u00fdm probl\u00e9m\u016fm, a mus\u00ed tedy b\u00fdt vyrobeny z odli\u0161n\u00fdch materi\u00e1l\u016f.U vnit\u0159n\u00edho je nutn\u00e9, aby mu nevadilo such\u00e9 prost\u0159ed\u00ed, kter\u00e9 ve v\u011bt\u0161in\u011b budov panuje. Naopak u z\u00e1bradl\u00ed na balk\u00f3n Kmkdesign.cz po\u017eadujeme, aby i p\u0159i minim\u00e1ln\u00ed \u00fadr\u017eb\u011b nebylo poni\u010deno vn\u011bj\u0161\u00edmi vlivy, jako jsou m\u011bn\u00edc\u00ed se teploty, d\u00e9\u0161\u0165 \u010di sn\u00edh.Rozd\u00edl je v\u0161ak tak\u00e9 v n\u00e1roc\u00edch, kter\u00fdm jsou vystaveny. Zat\u00edmco u schodi\u0161\u0165ov\u00e9ho typu je nejv\u011bt\u0161\u00edm probl\u00e9mem ohmat\u00e1n\u00ed, zvl\u00e1\u0161t\u011b u ve\u0159ejn\u00fdch prostor, u balk\u00f3nov\u00e9ho je to p\u0159edev\u0161\u00edm jeho odolnost v\u016f\u010di tlaku. Nesm\u00ed se nijak prohnout, ani kdy\u017e se o n\u011bj op\u0159e v\u00edce lid\u00ed plnou vahou.A\u0165 u\u017e jsou v\u0161ak rozd\u00edly mezi nimi sebev\u011bt\u0161\u00ed, oba druhy mus\u00ed spl\u0148ovat standardy bezpe\u010dnosti, dan\u00e9 z\u00e1konem. Plat\u00ed to zvl\u00e1\u0161t\u011b u t\u011bch um\u00edst\u011bn\u00fdch na ve\u0159ejn\u00fdch m\u00edstech, a\u0165 u\u017e v budov\u00e1ch \u010di venku. A je to pochopiteln\u00e9, p\u0159eci jen jejich hlavn\u00edm \u00fakolem je zvy\u0161ovat bezpe\u010dnost. A to se jim da\u0159\u00ed natolik, \u017ee se staly nepostradatelnou sou\u010d\u00e1st\u00ed na\u0161ich \u017eivot\u016f. A je jasn\u00e9, \u017ee tomu tak bude i nad\u00e1le, alespo\u0148 pro nejbli\u017e\u0161\u00ed dobu.                                                                                                                                                                                                                                                                                                                                                                                          4.3\/5 - (12 votes)        "},{"@context":"https:\/\/schema.org\/","@type":"BreadcrumbList","itemListElement":[{"@type":"ListItem","position":1,"name":"Jak\u00e1 specifika m\u00e1 z\u00e1bradl\u00ed na balk\u00f3n oproti schodi\u0161\u0165ov\u00e9mu","item":"https:\/\/www.mdecor.cz\/jaka-specifika-ma-zabradli-na-balkon-oproti-schodistovemu\/#breadcrumbitem"}]}]