{"@context":"https:\/\/schema.org\/","@type":"CollectionPage","@id":"https:\/\/www.mdecor.cz\/kultura\/#CollectionPage","headline":"Kultura Category","description":"","url":"https:\/\/www.mdecor.cz\/kultura\/","hasPart":[{"@type":"Article","@id":"https:\/\/www.mdecor.cz\/vyber-je-siroky\/","headline":"V\u00fdb\u011br je \u0161irok\u00fd","url":"https:\/\/www.mdecor.cz\/vyber-je-siroky\/","datePublished":"2023-06-06","dateModified":"2023-06-06","mainEntityOfPage":"https:\/\/www.mdecor.cz\/vyber-je-siroky\/","author":{"@type":"Person","@id":"https:\/\/www.mdecor.cz\/author\/#Person","name":"","url":"https:\/\/www.mdecor.cz\/author\/","identifier":1,"image":{"@type":"ImageObject","@id":"https:\/\/secure.gravatar.com\/avatar\/42264ea8f5170010011c6bbf811aa6c31c20ad3acf2a9bd21dca0746ea8c832a?s=96&d=mm&r=g","url":"https:\/\/secure.gravatar.com\/avatar\/42264ea8f5170010011c6bbf811aa6c31c20ad3acf2a9bd21dca0746ea8c832a?s=96&d=mm&r=g","height":96,"width":96}},"publisher":{"@type":"Organization","name":"mdecor.cz","logo":{"@type":"ImageObject","@id":"\/logo.png","url":"\/logo.png","width":600,"height":60}},"image":null,"keywords":null},{"@type":"Article","@id":"https:\/\/www.mdecor.cz\/pevne-zdravi-po-cely-rok\/","headline":"Pevn\u00e9 zdrav\u00ed po cel\u00fd rok","url":"https:\/\/www.mdecor.cz\/pevne-zdravi-po-cely-rok\/","datePublished":"2023-06-06","dateModified":"2023-06-06","mainEntityOfPage":"https:\/\/www.mdecor.cz\/pevne-zdravi-po-cely-rok\/","author":{"@type":"Person","@id":"https:\/\/www.mdecor.cz\/author\/#Person","name":"","url":"https:\/\/www.mdecor.cz\/author\/","identifier":1,"image":{"@type":"ImageObject","@id":"https:\/\/secure.gravatar.com\/avatar\/42264ea8f5170010011c6bbf811aa6c31c20ad3acf2a9bd21dca0746ea8c832a?s=96&d=mm&r=g","url":"https:\/\/secure.gravatar.com\/avatar\/42264ea8f5170010011c6bbf811aa6c31c20ad3acf2a9bd21dca0746ea8c832a?s=96&d=mm&r=g","height":96,"width":96}},"publisher":{"@type":"Organization","name":"mdecor.cz","logo":{"@type":"ImageObject","@id":"\/logo.png","url":"\/logo.png","width":600,"height":60}},"image":null,"keywords":null},{"@type":"Article","@id":"https:\/\/www.mdecor.cz\/muzikal-angelika-romanticky-pribeh-s-pisnemi-michala-davida\/","headline":"Muzik\u00e1l Angelika &#8211; romantick\u00fd p\u0159\u00edb\u011bh s p\u00edsn\u011bmi Michala Davida","url":"https:\/\/www.mdecor.cz\/muzikal-angelika-romanticky-pribeh-s-pisnemi-michala-davida\/","datePublished":"2022-12-27","dateModified":"2022-12-27","mainEntityOfPage":"https:\/\/www.mdecor.cz\/muzikal-angelika-romanticky-pribeh-s-pisnemi-michala-davida\/","author":{"@type":"Person","@id":"https:\/\/www.mdecor.cz\/author\/#Person","name":"","url":"https:\/\/www.mdecor.cz\/author\/","identifier":1,"image":{"@type":"ImageObject","@id":"https:\/\/secure.gravatar.com\/avatar\/42264ea8f5170010011c6bbf811aa6c31c20ad3acf2a9bd21dca0746ea8c832a?s=96&d=mm&r=g","url":"https:\/\/secure.gravatar.com\/avatar\/42264ea8f5170010011c6bbf811aa6c31c20ad3acf2a9bd21dca0746ea8c832a?s=96&d=mm&r=g","height":96,"width":96}},"publisher":{"@type":"Organization","name":"mdecor.cz","logo":{"@type":"ImageObject","@id":"\/logo.png","url":"\/logo.png","width":600,"height":60}},"image":{"@type":"ImageObject","@id":"https:\/\/www.mdecor.cz\/wp-content\/uploads\/kyle-head-p6rNTdAPbuk-unsplash_2.jpg","url":"https:\/\/www.mdecor.cz\/wp-content\/uploads\/kyle-head-p6rNTdAPbuk-unsplash_2.jpg","height":0,"width":0},"keywords":null},{"@type":"Article","@id":"https:\/\/www.mdecor.cz\/jak-si-dopomoci-pri-hubnuti\/","headline":"Jak si dopomoci p\u0159i hubnut\u00ed","url":"https:\/\/www.mdecor.cz\/jak-si-dopomoci-pri-hubnuti\/","datePublished":"2022-06-21","dateModified":"2023-06-06","mainEntityOfPage":"https:\/\/www.mdecor.cz\/jak-si-dopomoci-pri-hubnuti\/","author":{"@type":"Person","@id":"https:\/\/www.mdecor.cz\/author\/#Person","name":"","url":"https:\/\/www.mdecor.cz\/author\/","identifier":1,"image":{"@type":"ImageObject","@id":"https:\/\/secure.gravatar.com\/avatar\/42264ea8f5170010011c6bbf811aa6c31c20ad3acf2a9bd21dca0746ea8c832a?s=96&d=mm&r=g","url":"https:\/\/secure.gravatar.com\/avatar\/42264ea8f5170010011c6bbf811aa6c31c20ad3acf2a9bd21dca0746ea8c832a?s=96&d=mm&r=g","height":96,"width":96}},"publisher":{"@type":"Organization","name":"mdecor.cz","logo":{"@type":"ImageObject","@id":"\/logo.png","url":"\/logo.png","width":600,"height":60}},"image":{"@type":"ImageObject","@id":"https:\/\/www.mdecor.cz\/wp-content\/uploads\/vegetable-juices-g1c7bd19a2_1920.jpg","url":"https:\/\/www.mdecor.cz\/wp-content\/uploads\/vegetable-juices-g1c7bd19a2_1920.jpg","height":0,"width":0},"keywords":null},{"@type":"Article","@id":"https:\/\/www.mdecor.cz\/obklady-z-kamene\/","headline":"Obklady z kamene","url":"https:\/\/www.mdecor.cz\/obklady-z-kamene\/","datePublished":"2021-06-03","dateModified":"2023-06-06","mainEntityOfPage":"https:\/\/www.mdecor.cz\/obklady-z-kamene\/","author":{"@type":"Person","@id":"https:\/\/www.mdecor.cz\/author\/#Person","name":"","url":"https:\/\/www.mdecor.cz\/author\/","identifier":1,"image":{"@type":"ImageObject","@id":"https:\/\/secure.gravatar.com\/avatar\/42264ea8f5170010011c6bbf811aa6c31c20ad3acf2a9bd21dca0746ea8c832a?s=96&d=mm&r=g","url":"https:\/\/secure.gravatar.com\/avatar\/42264ea8f5170010011c6bbf811aa6c31c20ad3acf2a9bd21dca0746ea8c832a?s=96&d=mm&r=g","height":96,"width":96}},"publisher":{"@type":"Organization","name":"mdecor.cz","logo":{"@type":"ImageObject","@id":"\/logo.png","url":"\/logo.png","width":600,"height":60}},"image":{"@type":"ImageObject","@id":"https:\/\/www.mdecor.cz\/wp-content\/uploads\/obklad%20z%20kamene.PNG","url":"https:\/\/www.mdecor.cz\/wp-content\/uploads\/obklad%20z%20kamene.PNG","height":0,"width":0},"keywords":null},{"@type":"Article","@id":"https:\/\/www.mdecor.cz\/proc-je-certifikace-vyrobku-dobra\/","headline":"Pro\u010d je certifikace v\u00fdrobku dobr\u00e1","url":"https:\/\/www.mdecor.cz\/proc-je-certifikace-vyrobku-dobra\/","datePublished":"2020-03-22","dateModified":"2023-06-06","mainEntityOfPage":"https:\/\/www.mdecor.cz\/proc-je-certifikace-vyrobku-dobra\/","author":{"@type":"Person","@id":"https:\/\/www.mdecor.cz\/author\/#Person","name":"","url":"https:\/\/www.mdecor.cz\/author\/","identifier":1,"image":{"@type":"ImageObject","@id":"https:\/\/secure.gravatar.com\/avatar\/42264ea8f5170010011c6bbf811aa6c31c20ad3acf2a9bd21dca0746ea8c832a?s=96&d=mm&r=g","url":"https:\/\/secure.gravatar.com\/avatar\/42264ea8f5170010011c6bbf811aa6c31c20ad3acf2a9bd21dca0746ea8c832a?s=96&d=mm&r=g","height":96,"width":96}},"publisher":{"@type":"Organization","name":"mdecor.cz","logo":{"@type":"ImageObject","@id":"\/logo.png","url":"\/logo.png","width":600,"height":60}},"image":{"@type":"ImageObject","@id":"https:\/\/www.mdecor.cz\/wp-content\/uploads\/certifikat1.png","url":"https:\/\/www.mdecor.cz\/wp-content\/uploads\/certifikat1.png","height":0,"width":0},"keywords":null},{"@type":"Article","@id":"https:\/\/www.mdecor.cz\/nabytek-ktery-vyuzijete-na-maximum\/","headline":"N\u00e1bytek, kter\u00fd vyu\u017eijete na maximum","url":"https:\/\/www.mdecor.cz\/nabytek-ktery-vyuzijete-na-maximum\/","datePublished":"2020-03-15","dateModified":"2023-06-06","mainEntityOfPage":"https:\/\/www.mdecor.cz\/nabytek-ktery-vyuzijete-na-maximum\/","author":{"@type":"Person","@id":"https:\/\/www.mdecor.cz\/author\/#Person","name":"","url":"https:\/\/www.mdecor.cz\/author\/","identifier":1,"image":{"@type":"ImageObject","@id":"https:\/\/secure.gravatar.com\/avatar\/42264ea8f5170010011c6bbf811aa6c31c20ad3acf2a9bd21dca0746ea8c832a?s=96&d=mm&r=g","url":"https:\/\/secure.gravatar.com\/avatar\/42264ea8f5170010011c6bbf811aa6c31c20ad3acf2a9bd21dca0746ea8c832a?s=96&d=mm&r=g","height":96,"width":96}},"publisher":{"@type":"Organization","name":"mdecor.cz","logo":{"@type":"ImageObject","@id":"\/logo.png","url":"\/logo.png","width":600,"height":60}},"image":{"@type":"ImageObject","@id":"https:\/\/www.mdecor.cz\/wp-content\/uploads\/Sk%C5%99%C3%ADn%C4%9B%20na%20oble%C4%8Den%C3%AD.jpg","url":"https:\/\/www.mdecor.cz\/wp-content\/uploads\/Sk%C5%99%C3%ADn%C4%9B%20na%20oble%C4%8Den%C3%AD.jpg","height":0,"width":0},"keywords":null},{"@type":"Article","@id":"https:\/\/www.mdecor.cz\/zvyste-si-sve-muzske-sebevedomi\/","headline":"Zvy\u0161te si sv\u00e9 mu\u017esk\u00e9 sebev\u011bdom\u00ed","url":"https:\/\/www.mdecor.cz\/zvyste-si-sve-muzske-sebevedomi\/","datePublished":"2020-01-19","dateModified":"2023-06-06","mainEntityOfPage":"https:\/\/www.mdecor.cz\/zvyste-si-sve-muzske-sebevedomi\/","author":{"@type":"Person","@id":"https:\/\/www.mdecor.cz\/author\/#Person","name":"","url":"https:\/\/www.mdecor.cz\/author\/","identifier":1,"image":{"@type":"ImageObject","@id":"https:\/\/secure.gravatar.com\/avatar\/42264ea8f5170010011c6bbf811aa6c31c20ad3acf2a9bd21dca0746ea8c832a?s=96&d=mm&r=g","url":"https:\/\/secure.gravatar.com\/avatar\/42264ea8f5170010011c6bbf811aa6c31c20ad3acf2a9bd21dca0746ea8c832a?s=96&d=mm&r=g","height":96,"width":96}},"publisher":{"@type":"Organization","name":"mdecor.cz","logo":{"@type":"ImageObject","@id":"\/logo.png","url":"\/logo.png","width":600,"height":60}},"image":{"@type":"ImageObject","@id":"https:\/\/www.mdecor.cz\/wp-content\/uploads\/img_a374774_w2059_t1586426955.jpg","url":"https:\/\/www.mdecor.cz\/wp-content\/uploads\/img_a374774_w2059_t1586426955.jpg","height":0,"width":0},"keywords":null},{"@type":"Article","@id":"https:\/\/www.mdecor.cz\/nabozenstvi-a-presvedceni\/","headline":"N\u00e1bo\u017eenstv\u00ed a P\u0159esv\u011bd\u010den\u00ed","url":"https:\/\/www.mdecor.cz\/nabozenstvi-a-presvedceni\/","datePublished":"2019-11-03","dateModified":"2023-06-06","mainEntityOfPage":"https:\/\/www.mdecor.cz\/nabozenstvi-a-presvedceni\/","author":{"@type":"Person","@id":"https:\/\/www.mdecor.cz\/author\/#Person","name":"","url":"https:\/\/www.mdecor.cz\/author\/","identifier":1,"image":{"@type":"ImageObject","@id":"https:\/\/secure.gravatar.com\/avatar\/42264ea8f5170010011c6bbf811aa6c31c20ad3acf2a9bd21dca0746ea8c832a?s=96&d=mm&r=g","url":"https:\/\/secure.gravatar.com\/avatar\/42264ea8f5170010011c6bbf811aa6c31c20ad3acf2a9bd21dca0746ea8c832a?s=96&d=mm&r=g","height":96,"width":96}},"publisher":{"@type":"Organization","name":"mdecor.cz","logo":{"@type":"ImageObject","@id":"\/logo.png","url":"\/logo.png","width":600,"height":60}},"image":{"@type":"ImageObject","@id":"https:\/\/www.mdecor.cz\/wp-content\/uploads\/img_a359130_w3887_t1573295883.jpg","url":"https:\/\/www.mdecor.cz\/wp-content\/uploads\/img_a359130_w3887_t1573295883.jpg","height":0,"width":0},"keywords":null},{"@type":"Article","@id":"https:\/\/www.mdecor.cz\/prasky-na-hubnuti\/","headline":"Pr\u00e1\u0161ky na hubnut\u00ed","url":"https:\/\/www.mdecor.cz\/prasky-na-hubnuti\/","datePublished":"2019-09-18","dateModified":"2023-08-10","mainEntityOfPage":"https:\/\/www.mdecor.cz\/prasky-na-hubnuti\/","author":{"@type":"Person","@id":"https:\/\/www.mdecor.cz\/author\/#Person","name":"","url":"https:\/\/www.mdecor.cz\/author\/","identifier":1,"image":{"@type":"ImageObject","@id":"https:\/\/secure.gravatar.com\/avatar\/42264ea8f5170010011c6bbf811aa6c31c20ad3acf2a9bd21dca0746ea8c832a?s=96&d=mm&r=g","url":"https:\/\/secure.gravatar.com\/avatar\/42264ea8f5170010011c6bbf811aa6c31c20ad3acf2a9bd21dca0746ea8c832a?s=96&d=mm&r=g","height":96,"width":96}},"publisher":{"@type":"Organization","name":"mdecor.cz","logo":{"@type":"ImageObject","@id":"\/logo.png","url":"\/logo.png","width":600,"height":60}},"image":{"@type":"ImageObject","@id":"https:\/\/www.mdecor.cz\/wp-content\/uploads\/img_a363348_w1923_t1576082415.jpg","url":"https:\/\/www.mdecor.cz\/wp-content\/uploads\/img_a363348_w1923_t1576082415.jpg","height":0,"width":0},"keywords":null}]}