[{"@context":"https:\/\/schema.org\/","@type":"Article","@id":"https:\/\/www.mdecor.cz\/nabytek-ktery-vyuzijete-na-maximum\/#Article","mainEntityOfPage":"https:\/\/www.mdecor.cz\/nabytek-ktery-vyuzijete-na-maximum\/","headline":"N\u00e1bytek, kter\u00fd vyu\u017eijete na maximum","name":"N\u00e1bytek, kter\u00fd vyu\u017eijete na maximum","description":"U\u017e dlouhou dobu p\u0159em\u00fd\u0161l\u00edte nad t\u00edm, \u017ee byste n\u00e1bytek ve sv\u00e9m dom\u011b vym\u011bnili a m\u00e1te k tomu p\u00e1dn\u00e9 d\u016fvody: M\u00e1lo \u00falo\u017en\u00e9ho prostoru Mnoho lid\u00ed si ve sv\u00e9m byt\u011b v\u0161\u00edm\u00e1, \u017ee by pot\u0159ebovali v\u00edce \u00falo\u017en\u00fdch prostor\u016f, a to je samoz\u0159ejm\u011b i v\u00e1\u0161 p\u0159\u00edpad a z toho d\u016fvodu p\u0159em\u00fd\u0161l\u00edte nad v\u00fdm\u011bnou sv\u00e9ho n\u00e1bytku. Ano \u00falo\u017en\u00fd prostor je [&hellip;]","datePublished":"2020-03-15","dateModified":"2023-06-06","author":{"@type":"Person","@id":"https:\/\/www.mdecor.cz\/author\/#Person","name":"","url":"https:\/\/www.mdecor.cz\/author\/","identifier":1,"image":{"@type":"ImageObject","@id":"https:\/\/secure.gravatar.com\/avatar\/42264ea8f5170010011c6bbf811aa6c31c20ad3acf2a9bd21dca0746ea8c832a?s=96&d=mm&r=g","url":"https:\/\/secure.gravatar.com\/avatar\/42264ea8f5170010011c6bbf811aa6c31c20ad3acf2a9bd21dca0746ea8c832a?s=96&d=mm&r=g","height":96,"width":96}},"publisher":{"@type":"Organization","name":"mdecor.cz","logo":{"@type":"ImageObject","@id":"\/logo.png","url":"\/logo.png","width":600,"height":60}},"image":{"@type":"ImageObject","@id":"https:\/\/www.mdecor.cz\/wp-content\/uploads\/Sk%C5%99%C3%ADn%C4%9B%20na%20oble%C4%8Den%C3%AD.jpg","url":"https:\/\/www.mdecor.cz\/wp-content\/uploads\/Sk%C5%99%C3%ADn%C4%9B%20na%20oble%C4%8Den%C3%AD.jpg","height":0,"width":0},"url":"https:\/\/www.mdecor.cz\/nabytek-ktery-vyuzijete-na-maximum\/","about":["Kultura"],"wordCount":444,"articleBody":"        U\u017e dlouhou dobu p\u0159em\u00fd\u0161l\u00edte nad t\u00edm, \u017ee byste n\u00e1bytek ve sv\u00e9m dom\u011b vym\u011bnili a m\u00e1te k tomu p\u00e1dn\u00e9 d\u016fvody:M\u00e1lo \u00falo\u017en\u00e9ho prostoruMnoho lid\u00ed si ve sv\u00e9m byt\u011b v\u0161\u00edm\u00e1, \u017ee by pot\u0159ebovali v\u00edce \u00falo\u017en\u00fdch prostor\u016f, a to je samoz\u0159ejm\u011b i v\u00e1\u0161 p\u0159\u00edpad a z toho d\u016fvodu p\u0159em\u00fd\u0161l\u00edte nad v\u00fdm\u011bnou sv\u00e9ho n\u00e1bytku. Ano \u00falo\u017en\u00fd prostor je doma velmi d\u016fle\u017eit\u00fd. Pokud ho nem\u00e1te, m\u016f\u017eete si b\u00fdt jist\u00ed, \u017ee nikdy neudr\u017e\u00edte doma po\u0159\u00e1dek. V\u011bci budou neust\u00e1le rozh\u00e1zen\u00e9 po byt\u011b a vy se budete zab\u00fdvat jenom \u00faklidem a v\u011b\u0159te n\u00e1m, \u017ee takov\u00fd \u017eivot, kdy jenom ukl\u00edz\u00edte poh\u00e1zen\u00e9 v\u011bci, je velmi komplikovan\u00fd a nekomfortn\u00ed. Pokud jste se rozhodli pro zm\u011bnu interi\u00e9ru, je to to nejlep\u0161\u00ed, co pro sv\u016fj domov ud\u011bl\u00e1te. Mus\u00edte si v\u0161ak dob\u0159e rozmyslet, kde nov\u00fd n\u00e1bytek zakoup\u00edte. Pokud hled\u00e1te kvalitu a z\u00e1rove\u0148 n\u00e1bytek, kter\u00fd by m\u011bl opravdu mnoho \u00falo\u017en\u00fdch prostor\u016f, kter\u00e9 byste mohli vyu\u017e\u00edt na maximum, vsa\u010fte na Sk\u0159\u00edn\u011b na m\u00edru Praha. Jenom d\u00edky na\u0161\u00ed spole\u010dnosti z\u00edsk\u00e1te sk\u0159\u00edn\u011b, kter\u00e9 opravdu ocen\u00edte. My v\u00e1m nab\u00edz\u00edme kvalitu, kterou opravdu ocen\u00edte a nemus\u00edte se b\u00e1t. Na\u0161e sk\u0159\u00edn\u011b jsou opravdu za p\u0159\u00edznivou cenu. A co v\u00edc. Z\u00edsk\u00e1te tolik \u00falo\u017en\u00e9ho prostoru, o kter\u00e9m se v\u00e1m nyn\u00ed jenom zd\u00e1. Je to skv\u011bl\u00e1 nab\u00eddka, kter\u00e1 se opravdu neodm\u00edt\u00e1. Tak vyu\u017eijte na\u0161\u00ed slu\u017eby a m\u011bjte ve sv\u00e9m dom\u011b n\u00e1bytek, kter\u00fd v\u00e1s naprosto ohrom\u00ed sv\u00fdm designem. M\u016f\u017eete si b\u00fdt jist\u00ed, \u017ee kr\u00e1sn\u011bj\u0161\u00ed a kvalitn\u011bj\u0161\u00ed n\u00e1bytek rozhodn\u011b nikde jinde nenajdete. My v\u00edme, co v\u00e1\u0161 d\u016fm pot\u0159ebuje a tak\u00e9 v\u00e1m to nab\u00edz\u00edme. Tak nev\u00e1hejte u\u017e ani minutu.Zastaral\u00fd vzhledN\u00e1bytek, kter\u00fd je nemodern\u00ed, nechce ve sv\u00e9m dom\u011b nikdo z n\u00e1s. Pokud je i toto d\u016fvod pro v\u00fdm\u011bnu zastaral\u00fdch kousk\u016f, pod\u00edvejte se na n\u00e1bytek, kter\u00fd v\u00e1m nab\u00edz\u00edme pr\u00e1v\u011b my. U n\u00e1s si vybere opravdu ka\u017ed\u00fd. Pokud tou\u017e\u00edte po modern\u00edm vzhledu, jsme pro v\u00e1s tou nejlep\u0161\u00ed volbou. A\u017e uvid\u00edte nab\u00eddku, kterou pro v\u00e1s m\u00e1me p\u0159ipravenou, tak jin\u00fd n\u00e1bytek cht\u00edt rozhodn\u011b nebudete.                                                                                                                                                                                                                                                                                                                                                                                          4.1\/5 - (18 votes)        "},{"@context":"https:\/\/schema.org\/","@type":"BreadcrumbList","itemListElement":[{"@type":"ListItem","position":1,"name":"N\u00e1bytek, kter\u00fd vyu\u017eijete na maximum","item":"https:\/\/www.mdecor.cz\/nabytek-ktery-vyuzijete-na-maximum\/#breadcrumbitem"}]}]