[{"@context":"https:\/\/schema.org\/","@type":"Blog","@id":"https:\/\/www.mdecor.cz#Blog","headline":"M Decor","description":"\nPot\u0159ebovali byste vzpruhu, jen\u017ee nikdo nenab\u00edz\u00ed to, co hled\u00e1te? A nenapadlo v\u00e1s pod\u00edvat se, zda to prav\u00e9 nenab\u00edz\u00edme pr\u00e1v\u011b na tomto na\u0161em webu?","url":"https:\/\/www.mdecor.cz","hasPart":[{"@type":"Article","@id":"https:\/\/www.mdecor.cz\/nechte-se-odvezt\/","headline":"Nechte se odv\u00e9zt","url":"https:\/\/www.mdecor.cz\/nechte-se-odvezt\/","datePublished":"2020-06-20","dateModified":"2023-10-16","mainEntityOfPage":"https:\/\/www.mdecor.cz\/nechte-se-odvezt\/","author":{"@type":"Person","@id":"https:\/\/www.mdecor.cz\/author\/#Person","name":"","url":"https:\/\/www.mdecor.cz\/author\/","identifier":1,"image":{"@type":"ImageObject","@id":"https:\/\/secure.gravatar.com\/avatar\/42264ea8f5170010011c6bbf811aa6c31c20ad3acf2a9bd21dca0746ea8c832a?s=96&d=mm&r=g","url":"https:\/\/secure.gravatar.com\/avatar\/42264ea8f5170010011c6bbf811aa6c31c20ad3acf2a9bd21dca0746ea8c832a?s=96&d=mm&r=g","height":96,"width":96}},"publisher":{"@type":"Organization","name":"mdecor.cz","logo":{"@type":"ImageObject","@id":"\/logo.png","url":"\/logo.png","width":600,"height":60}},"image":{"@type":"ImageObject","@id":"https:\/\/www.mdecor.cz\/wp-content\/uploads\/sed%C3%ADc%C3%AD%20alkoholi%C4%8Dka.jpg","url":"https:\/\/www.mdecor.cz\/wp-content\/uploads\/sed%C3%ADc%C3%AD%20alkoholi%C4%8Dka.jpg","height":0,"width":0},"wordCount":918,"keywords":null},{"@type":"Article","@id":"https:\/\/www.mdecor.cz\/domaci-zahradka-trend-letosni-sezony\/","headline":"Dom\u00e1c\u00ed zahr\u00e1dka, trend leto\u0161n\u00ed sez\u00f3ny","url":"https:\/\/www.mdecor.cz\/domaci-zahradka-trend-letosni-sezony\/","datePublished":"2020-05-18","dateModified":"2020-05-18","mainEntityOfPage":"https:\/\/www.mdecor.cz\/domaci-zahradka-trend-letosni-sezony\/","author":{"@type":"Person","@id":"https:\/\/www.mdecor.cz\/author\/#Person","name":"","url":"https:\/\/www.mdecor.cz\/author\/","identifier":1,"image":{"@type":"ImageObject","@id":"https:\/\/secure.gravatar.com\/avatar\/42264ea8f5170010011c6bbf811aa6c31c20ad3acf2a9bd21dca0746ea8c832a?s=96&d=mm&r=g","url":"https:\/\/secure.gravatar.com\/avatar\/42264ea8f5170010011c6bbf811aa6c31c20ad3acf2a9bd21dca0746ea8c832a?s=96&d=mm&r=g","height":96,"width":96}},"publisher":{"@type":"Organization","name":"mdecor.cz","logo":{"@type":"ImageObject","@id":"\/logo.png","url":"\/logo.png","width":600,"height":60}},"image":{"@type":"ImageObject","@id":"https:\/\/www.mdecor.cz\/wp-content\/uploads\/pr%C3%A1ce%20na%20poli.jpeg","url":"https:\/\/www.mdecor.cz\/wp-content\/uploads\/pr%C3%A1ce%20na%20poli.jpeg","height":0,"width":0},"wordCount":541,"keywords":null},{"@type":"Article","@id":"https:\/\/www.mdecor.cz\/narozeninova-oslava\/","headline":"Narozeninov\u00e1 oslava","url":"https:\/\/www.mdecor.cz\/narozeninova-oslava\/","datePublished":"2020-05-15","dateModified":"2023-06-06","mainEntityOfPage":"https:\/\/www.mdecor.cz\/narozeninova-oslava\/","author":{"@type":"Person","@id":"https:\/\/www.mdecor.cz\/author\/#Person","name":"","url":"https:\/\/www.mdecor.cz\/author\/","identifier":1,"image":{"@type":"ImageObject","@id":"https:\/\/secure.gravatar.com\/avatar\/42264ea8f5170010011c6bbf811aa6c31c20ad3acf2a9bd21dca0746ea8c832a?s=96&d=mm&r=g","url":"https:\/\/secure.gravatar.com\/avatar\/42264ea8f5170010011c6bbf811aa6c31c20ad3acf2a9bd21dca0746ea8c832a?s=96&d=mm&r=g","height":96,"width":96}},"publisher":{"@type":"Organization","name":"mdecor.cz","logo":{"@type":"ImageObject","@id":"\/logo.png","url":"\/logo.png","width":600,"height":60}},"image":{"@type":"ImageObject","@id":"https:\/\/www.mdecor.cz\/wp-content\/uploads\/narozeninov%C3%BD%20dort_2.jpg","url":"https:\/\/www.mdecor.cz\/wp-content\/uploads\/narozeninov%C3%BD%20dort_2.jpg","height":0,"width":0},"wordCount":752,"keywords":null},{"@type":"Article","@id":"https:\/\/www.mdecor.cz\/kvalitni-spanek\/","headline":"Kvalitn\u00ed sp\u00e1nek","url":"https:\/\/www.mdecor.cz\/kvalitni-spanek\/","datePublished":"2020-05-15","dateModified":"2023-06-06","mainEntityOfPage":"https:\/\/www.mdecor.cz\/kvalitni-spanek\/","author":{"@type":"Person","@id":"https:\/\/www.mdecor.cz\/author\/#Person","name":"","url":"https:\/\/www.mdecor.cz\/author\/","identifier":1,"image":{"@type":"ImageObject","@id":"https:\/\/secure.gravatar.com\/avatar\/42264ea8f5170010011c6bbf811aa6c31c20ad3acf2a9bd21dca0746ea8c832a?s=96&d=mm&r=g","url":"https:\/\/secure.gravatar.com\/avatar\/42264ea8f5170010011c6bbf811aa6c31c20ad3acf2a9bd21dca0746ea8c832a?s=96&d=mm&r=g","height":96,"width":96}},"publisher":{"@type":"Organization","name":"mdecor.cz","logo":{"@type":"ImageObject","@id":"\/logo.png","url":"\/logo.png","width":600,"height":60}},"image":{"@type":"ImageObject","@id":"https:\/\/www.mdecor.cz\/wp-content\/uploads\/pohodln%C3%BD%20sp%C3%A1nek.jpg","url":"https:\/\/www.mdecor.cz\/wp-content\/uploads\/pohodln%C3%BD%20sp%C3%A1nek.jpg","height":0,"width":0},"wordCount":768,"keywords":null},{"@type":"Article","@id":"https:\/\/www.mdecor.cz\/nebojte-se-pujcky-od-nebankovni-spolecnosti\/","headline":"Nebojte se p\u016fj\u010dky od nebankovn\u00ed spole\u010dnosti","url":"https:\/\/www.mdecor.cz\/nebojte-se-pujcky-od-nebankovni-spolecnosti\/","datePublished":"2020-04-19","dateModified":"2023-06-06","mainEntityOfPage":"https:\/\/www.mdecor.cz\/nebojte-se-pujcky-od-nebankovni-spolecnosti\/","author":{"@type":"Person","@id":"https:\/\/www.mdecor.cz\/author\/#Person","name":"","url":"https:\/\/www.mdecor.cz\/author\/","identifier":1,"image":{"@type":"ImageObject","@id":"https:\/\/secure.gravatar.com\/avatar\/42264ea8f5170010011c6bbf811aa6c31c20ad3acf2a9bd21dca0746ea8c832a?s=96&d=mm&r=g","url":"https:\/\/secure.gravatar.com\/avatar\/42264ea8f5170010011c6bbf811aa6c31c20ad3acf2a9bd21dca0746ea8c832a?s=96&d=mm&r=g","height":96,"width":96}},"publisher":{"@type":"Organization","name":"mdecor.cz","logo":{"@type":"ImageObject","@id":"\/logo.png","url":"\/logo.png","width":600,"height":60}},"image":{"@type":"ImageObject","@id":"https:\/\/www.mdecor.cz\/wp-content\/uploads\/uzav%C5%99en%C3%A1%20pen%C4%9B%C5%BEenka.jpg","url":"https:\/\/www.mdecor.cz\/wp-content\/uploads\/uzav%C5%99en%C3%A1%20pen%C4%9B%C5%BEenka.jpg","height":0,"width":0},"wordCount":640,"keywords":null},{"@type":"Article","@id":"https:\/\/www.mdecor.cz\/lecba-na-ortodoncii-vase-nedokonalosti-napravi\/","headline":"L\u00e9\u010dba na ortodoncii va\u0161e nedokonalosti naprav\u00ed","url":"https:\/\/www.mdecor.cz\/lecba-na-ortodoncii-vase-nedokonalosti-napravi\/","datePublished":"2020-04-11","dateModified":"2023-06-06","mainEntityOfPage":"https:\/\/www.mdecor.cz\/lecba-na-ortodoncii-vase-nedokonalosti-napravi\/","author":{"@type":"Person","@id":"https:\/\/www.mdecor.cz\/author\/#Person","name":"","url":"https:\/\/www.mdecor.cz\/author\/","identifier":1,"image":{"@type":"ImageObject","@id":"https:\/\/secure.gravatar.com\/avatar\/42264ea8f5170010011c6bbf811aa6c31c20ad3acf2a9bd21dca0746ea8c832a?s=96&d=mm&r=g","url":"https:\/\/secure.gravatar.com\/avatar\/42264ea8f5170010011c6bbf811aa6c31c20ad3acf2a9bd21dca0746ea8c832a?s=96&d=mm&r=g","height":96,"width":96}},"publisher":{"@type":"Organization","name":"mdecor.cz","logo":{"@type":"ImageObject","@id":"\/logo.png","url":"\/logo.png","width":600,"height":60}},"image":{"@type":"ImageObject","@id":"https:\/\/www.mdecor.cz\/wp-content\/uploads\/model%20rovn%C3%A1tek.jpg","url":"https:\/\/www.mdecor.cz\/wp-content\/uploads\/model%20rovn%C3%A1tek.jpg","height":0,"width":0},"wordCount":806,"keywords":null},{"@type":"Article","@id":"https:\/\/www.mdecor.cz\/proc-je-certifikace-vyrobku-dobra\/","headline":"Pro\u010d je certifikace v\u00fdrobku dobr\u00e1","url":"https:\/\/www.mdecor.cz\/proc-je-certifikace-vyrobku-dobra\/","datePublished":"2020-03-22","dateModified":"2023-06-06","mainEntityOfPage":"https:\/\/www.mdecor.cz\/proc-je-certifikace-vyrobku-dobra\/","author":{"@type":"Person","@id":"https:\/\/www.mdecor.cz\/author\/#Person","name":"","url":"https:\/\/www.mdecor.cz\/author\/","identifier":1,"image":{"@type":"ImageObject","@id":"https:\/\/secure.gravatar.com\/avatar\/42264ea8f5170010011c6bbf811aa6c31c20ad3acf2a9bd21dca0746ea8c832a?s=96&d=mm&r=g","url":"https:\/\/secure.gravatar.com\/avatar\/42264ea8f5170010011c6bbf811aa6c31c20ad3acf2a9bd21dca0746ea8c832a?s=96&d=mm&r=g","height":96,"width":96}},"publisher":{"@type":"Organization","name":"mdecor.cz","logo":{"@type":"ImageObject","@id":"\/logo.png","url":"\/logo.png","width":600,"height":60}},"image":{"@type":"ImageObject","@id":"https:\/\/www.mdecor.cz\/wp-content\/uploads\/certifikat1.png","url":"https:\/\/www.mdecor.cz\/wp-content\/uploads\/certifikat1.png","height":0,"width":0},"wordCount":693,"keywords":null},{"@type":"Article","@id":"https:\/\/www.mdecor.cz\/jak-poznat-zda-je-pujcka-vyhodna\/","headline":"Jak poznat, zda je p\u016fj\u010dka v\u00fdhodn\u00e1?","url":"https:\/\/www.mdecor.cz\/jak-poznat-zda-je-pujcka-vyhodna\/","datePublished":"2020-03-17","dateModified":"2020-03-17","mainEntityOfPage":"https:\/\/www.mdecor.cz\/jak-poznat-zda-je-pujcka-vyhodna\/","author":{"@type":"Person","@id":"https:\/\/www.mdecor.cz\/author\/#Person","name":"","url":"https:\/\/www.mdecor.cz\/author\/","identifier":1,"image":{"@type":"ImageObject","@id":"https:\/\/secure.gravatar.com\/avatar\/42264ea8f5170010011c6bbf811aa6c31c20ad3acf2a9bd21dca0746ea8c832a?s=96&d=mm&r=g","url":"https:\/\/secure.gravatar.com\/avatar\/42264ea8f5170010011c6bbf811aa6c31c20ad3acf2a9bd21dca0746ea8c832a?s=96&d=mm&r=g","height":96,"width":96}},"publisher":{"@type":"Organization","name":"mdecor.cz","logo":{"@type":"ImageObject","@id":"\/logo.png","url":"\/logo.png","width":600,"height":60}},"image":{"@type":"ImageObject","@id":"https:\/\/www.mdecor.cz\/wp-content\/uploads\/credit-4516068_640.jpg","url":"https:\/\/www.mdecor.cz\/wp-content\/uploads\/credit-4516068_640.jpg","height":0,"width":0},"wordCount":573,"keywords":null},{"@type":"Article","@id":"https:\/\/www.mdecor.cz\/nabytek-ktery-vyuzijete-na-maximum\/","headline":"N\u00e1bytek, kter\u00fd vyu\u017eijete na maximum","url":"https:\/\/www.mdecor.cz\/nabytek-ktery-vyuzijete-na-maximum\/","datePublished":"2020-03-15","dateModified":"2023-06-06","mainEntityOfPage":"https:\/\/www.mdecor.cz\/nabytek-ktery-vyuzijete-na-maximum\/","author":{"@type":"Person","@id":"https:\/\/www.mdecor.cz\/author\/#Person","name":"","url":"https:\/\/www.mdecor.cz\/author\/","identifier":1,"image":{"@type":"ImageObject","@id":"https:\/\/secure.gravatar.com\/avatar\/42264ea8f5170010011c6bbf811aa6c31c20ad3acf2a9bd21dca0746ea8c832a?s=96&d=mm&r=g","url":"https:\/\/secure.gravatar.com\/avatar\/42264ea8f5170010011c6bbf811aa6c31c20ad3acf2a9bd21dca0746ea8c832a?s=96&d=mm&r=g","height":96,"width":96}},"publisher":{"@type":"Organization","name":"mdecor.cz","logo":{"@type":"ImageObject","@id":"\/logo.png","url":"\/logo.png","width":600,"height":60}},"image":{"@type":"ImageObject","@id":"https:\/\/www.mdecor.cz\/wp-content\/uploads\/Sk%C5%99%C3%ADn%C4%9B%20na%20oble%C4%8Den%C3%AD.jpg","url":"https:\/\/www.mdecor.cz\/wp-content\/uploads\/Sk%C5%99%C3%ADn%C4%9B%20na%20oble%C4%8Den%C3%AD.jpg","height":0,"width":0},"wordCount":602,"keywords":null},{"@type":"Article","@id":"https:\/\/www.mdecor.cz\/elektrikar-podebrady-a-okoli\/","headline":"Elektrik\u00e1\u0159 Pod\u011bbrady a okol\u00ed","url":"https:\/\/www.mdecor.cz\/elektrikar-podebrady-a-okoli\/","datePublished":"2020-02-22","dateModified":"2020-02-22","mainEntityOfPage":"https:\/\/www.mdecor.cz\/elektrikar-podebrady-a-okoli\/","author":{"@type":"Person","@id":"https:\/\/www.mdecor.cz\/author\/#Person","name":"","url":"https:\/\/www.mdecor.cz\/author\/","identifier":1,"image":{"@type":"ImageObject","@id":"https:\/\/secure.gravatar.com\/avatar\/42264ea8f5170010011c6bbf811aa6c31c20ad3acf2a9bd21dca0746ea8c832a?s=96&d=mm&r=g","url":"https:\/\/secure.gravatar.com\/avatar\/42264ea8f5170010011c6bbf811aa6c31c20ad3acf2a9bd21dca0746ea8c832a?s=96&d=mm&r=g","height":96,"width":96}},"publisher":{"@type":"Organization","name":"mdecor.cz","logo":{"@type":"ImageObject","@id":"\/logo.png","url":"\/logo.png","width":600,"height":60}},"image":{"@type":"ImageObject","@id":"https:\/\/www.mdecor.cz\/wp-content\/uploads\/img_a379656_w3727_t1591180481.jpg","url":"https:\/\/www.mdecor.cz\/wp-content\/uploads\/img_a379656_w3727_t1591180481.jpg","height":0,"width":0},"wordCount":505,"keywords":null}]},{"@context":"https:\/\/schema.org","@type":"WebSite","@id":"https:\/\/www.mdecor.cz\/#website","name":"M Decor","url":"https:\/\/www.mdecor.cz","potentialAction":{"@type":"SearchAction","target":"https:\/\/www.mdecor.cz\/?s={search_term_string}","query-input":"required name=search_term_string"}}]