[{"@context":"https:\/\/schema.org\/","@type":"Blog","@id":"https:\/\/www.mdecor.cz#Blog","headline":"M Decor","description":"\nPot\u0159ebovali byste vzpruhu, jen\u017ee nikdo nenab\u00edz\u00ed to, co hled\u00e1te? A nenapadlo v\u00e1s pod\u00edvat se, zda to prav\u00e9 nenab\u00edz\u00edme pr\u00e1v\u011b na tomto na\u0161em webu?","url":"https:\/\/www.mdecor.cz","hasPart":[{"@type":"Article","@id":"https:\/\/www.mdecor.cz\/chcete-byt-uspesni-ve-svem-oboru\/","headline":"Chcete b\u00fdt \u00fasp\u011b\u0161n\u00ed ve sv\u00e9m oboru?","url":"https:\/\/www.mdecor.cz\/chcete-byt-uspesni-ve-svem-oboru\/","datePublished":"2020-01-24","dateModified":"2023-06-06","mainEntityOfPage":"https:\/\/www.mdecor.cz\/chcete-byt-uspesni-ve-svem-oboru\/","author":{"@type":"Person","@id":"https:\/\/www.mdecor.cz\/author\/#Person","name":"","url":"https:\/\/www.mdecor.cz\/author\/","identifier":1,"image":{"@type":"ImageObject","@id":"https:\/\/secure.gravatar.com\/avatar\/42264ea8f5170010011c6bbf811aa6c31c20ad3acf2a9bd21dca0746ea8c832a?s=96&d=mm&r=g","url":"https:\/\/secure.gravatar.com\/avatar\/42264ea8f5170010011c6bbf811aa6c31c20ad3acf2a9bd21dca0746ea8c832a?s=96&d=mm&r=g","height":96,"width":96}},"publisher":{"@type":"Organization","name":"mdecor.cz","logo":{"@type":"ImageObject","@id":"\/logo.png","url":"\/logo.png","width":600,"height":60}},"image":{"@type":"ImageObject","@id":"https:\/\/www.mdecor.cz\/wp-content\/uploads\/img_a378397_w3887_t1589797308.jpg","url":"https:\/\/www.mdecor.cz\/wp-content\/uploads\/img_a378397_w3887_t1589797308.jpg","height":0,"width":0},"wordCount":560,"keywords":null},{"@type":"Article","@id":"https:\/\/www.mdecor.cz\/zvyste-si-sve-muzske-sebevedomi\/","headline":"Zvy\u0161te si sv\u00e9 mu\u017esk\u00e9 sebev\u011bdom\u00ed","url":"https:\/\/www.mdecor.cz\/zvyste-si-sve-muzske-sebevedomi\/","datePublished":"2020-01-19","dateModified":"2023-06-06","mainEntityOfPage":"https:\/\/www.mdecor.cz\/zvyste-si-sve-muzske-sebevedomi\/","author":{"@type":"Person","@id":"https:\/\/www.mdecor.cz\/author\/#Person","name":"","url":"https:\/\/www.mdecor.cz\/author\/","identifier":1,"image":{"@type":"ImageObject","@id":"https:\/\/secure.gravatar.com\/avatar\/42264ea8f5170010011c6bbf811aa6c31c20ad3acf2a9bd21dca0746ea8c832a?s=96&d=mm&r=g","url":"https:\/\/secure.gravatar.com\/avatar\/42264ea8f5170010011c6bbf811aa6c31c20ad3acf2a9bd21dca0746ea8c832a?s=96&d=mm&r=g","height":96,"width":96}},"publisher":{"@type":"Organization","name":"mdecor.cz","logo":{"@type":"ImageObject","@id":"\/logo.png","url":"\/logo.png","width":600,"height":60}},"image":{"@type":"ImageObject","@id":"https:\/\/www.mdecor.cz\/wp-content\/uploads\/img_a374774_w2059_t1586426955.jpg","url":"https:\/\/www.mdecor.cz\/wp-content\/uploads\/img_a374774_w2059_t1586426955.jpg","height":0,"width":0},"wordCount":532,"keywords":null},{"@type":"Article","@id":"https:\/\/www.mdecor.cz\/je-skvele-mit-dostatek-penez-na-vsechny-vase-plany\/","headline":"Je skv\u011bl\u00e9 m\u00edt dostatek pen\u011bz na v\u0161echny va\u0161e pl\u00e1ny","url":"https:\/\/www.mdecor.cz\/je-skvele-mit-dostatek-penez-na-vsechny-vase-plany\/","datePublished":"2020-01-06","dateModified":"2023-06-06","mainEntityOfPage":"https:\/\/www.mdecor.cz\/je-skvele-mit-dostatek-penez-na-vsechny-vase-plany\/","author":{"@type":"Person","@id":"https:\/\/www.mdecor.cz\/author\/#Person","name":"","url":"https:\/\/www.mdecor.cz\/author\/","identifier":1,"image":{"@type":"ImageObject","@id":"https:\/\/secure.gravatar.com\/avatar\/42264ea8f5170010011c6bbf811aa6c31c20ad3acf2a9bd21dca0746ea8c832a?s=96&d=mm&r=g","url":"https:\/\/secure.gravatar.com\/avatar\/42264ea8f5170010011c6bbf811aa6c31c20ad3acf2a9bd21dca0746ea8c832a?s=96&d=mm&r=g","height":96,"width":96}},"publisher":{"@type":"Organization","name":"mdecor.cz","logo":{"@type":"ImageObject","@id":"\/logo.png","url":"\/logo.png","width":600,"height":60}},"image":{"@type":"ImageObject","@id":"https:\/\/www.mdecor.cz\/wp-content\/uploads\/img_a378948_w4378_t1590390785.jpg","url":"https:\/\/www.mdecor.cz\/wp-content\/uploads\/img_a378948_w4378_t1590390785.jpg","height":0,"width":0},"wordCount":562,"keywords":null},{"@type":"Article","@id":"https:\/\/www.mdecor.cz\/vanocni-kouzleni-v-dome-i-byte\/","headline":"V\u00e1no\u010dn\u00ed kouzlen\u00ed v dom\u011b i byt\u011b","url":"https:\/\/www.mdecor.cz\/vanocni-kouzleni-v-dome-i-byte\/","datePublished":"2019-12-21","dateModified":"2023-06-06","mainEntityOfPage":"https:\/\/www.mdecor.cz\/vanocni-kouzleni-v-dome-i-byte\/","author":{"@type":"Person","@id":"https:\/\/www.mdecor.cz\/author\/#Person","name":"","url":"https:\/\/www.mdecor.cz\/author\/","identifier":1,"image":{"@type":"ImageObject","@id":"https:\/\/secure.gravatar.com\/avatar\/42264ea8f5170010011c6bbf811aa6c31c20ad3acf2a9bd21dca0746ea8c832a?s=96&d=mm&r=g","url":"https:\/\/secure.gravatar.com\/avatar\/42264ea8f5170010011c6bbf811aa6c31c20ad3acf2a9bd21dca0746ea8c832a?s=96&d=mm&r=g","height":96,"width":96}},"publisher":{"@type":"Organization","name":"mdecor.cz","logo":{"@type":"ImageObject","@id":"\/logo.png","url":"\/logo.png","width":600,"height":60}},"image":{"@type":"ImageObject","@id":"https:\/\/www.mdecor.cz\/wp-content\/uploads\/img_a364620_w3887_t1577363920.jpg","url":"https:\/\/www.mdecor.cz\/wp-content\/uploads\/img_a364620_w3887_t1577363920.jpg","height":0,"width":0},"wordCount":547,"keywords":null},{"@type":"Article","@id":"https:\/\/www.mdecor.cz\/hozena-rukavice-podnikatelum\/","headline":"Hozen\u00e1 rukavice podnikatel\u016fm","url":"https:\/\/www.mdecor.cz\/hozena-rukavice-podnikatelum\/","datePublished":"2019-12-13","dateModified":"2023-06-06","mainEntityOfPage":"https:\/\/www.mdecor.cz\/hozena-rukavice-podnikatelum\/","author":{"@type":"Person","@id":"https:\/\/www.mdecor.cz\/author\/#Person","name":"","url":"https:\/\/www.mdecor.cz\/author\/","identifier":1,"image":{"@type":"ImageObject","@id":"https:\/\/secure.gravatar.com\/avatar\/42264ea8f5170010011c6bbf811aa6c31c20ad3acf2a9bd21dca0746ea8c832a?s=96&d=mm&r=g","url":"https:\/\/secure.gravatar.com\/avatar\/42264ea8f5170010011c6bbf811aa6c31c20ad3acf2a9bd21dca0746ea8c832a?s=96&d=mm&r=g","height":96,"width":96}},"publisher":{"@type":"Organization","name":"mdecor.cz","logo":{"@type":"ImageObject","@id":"\/logo.png","url":"\/logo.png","width":600,"height":60}},"image":{"@type":"ImageObject","@id":"https:\/\/www.mdecor.cz\/wp-content\/uploads\/img_a377379_w3887_t1589189327.png","url":"https:\/\/www.mdecor.cz\/wp-content\/uploads\/img_a377379_w3887_t1589189327.png","height":0,"width":0},"wordCount":510,"keywords":null},{"@type":"Article","@id":"https:\/\/www.mdecor.cz\/vanocni-nakupy\/","headline":"V\u00e1no\u010dn\u00ed n\u00e1kupy","url":"https:\/\/www.mdecor.cz\/vanocni-nakupy\/","datePublished":"2019-11-22","dateModified":"2023-06-06","mainEntityOfPage":"https:\/\/www.mdecor.cz\/vanocni-nakupy\/","author":{"@type":"Person","@id":"https:\/\/www.mdecor.cz\/author\/#Person","name":"","url":"https:\/\/www.mdecor.cz\/author\/","identifier":1,"image":{"@type":"ImageObject","@id":"https:\/\/secure.gravatar.com\/avatar\/42264ea8f5170010011c6bbf811aa6c31c20ad3acf2a9bd21dca0746ea8c832a?s=96&d=mm&r=g","url":"https:\/\/secure.gravatar.com\/avatar\/42264ea8f5170010011c6bbf811aa6c31c20ad3acf2a9bd21dca0746ea8c832a?s=96&d=mm&r=g","height":96,"width":96}},"publisher":{"@type":"Organization","name":"mdecor.cz","logo":{"@type":"ImageObject","@id":"\/logo.png","url":"\/logo.png","width":600,"height":60}},"image":{"@type":"ImageObject","@id":"https:\/\/www.mdecor.cz\/wp-content\/uploads\/img_a361914_w3887_t1574946568.jpg","url":"https:\/\/www.mdecor.cz\/wp-content\/uploads\/img_a361914_w3887_t1574946568.jpg","height":0,"width":0},"wordCount":4472,"keywords":null},{"@type":"Article","@id":"https:\/\/www.mdecor.cz\/motorika-v-kostce\/","headline":"Motorika v kostce","url":"https:\/\/www.mdecor.cz\/motorika-v-kostce\/","datePublished":"2019-11-22","dateModified":"2023-06-06","mainEntityOfPage":"https:\/\/www.mdecor.cz\/motorika-v-kostce\/","author":{"@type":"Person","@id":"https:\/\/www.mdecor.cz\/author\/#Person","name":"","url":"https:\/\/www.mdecor.cz\/author\/","identifier":1,"image":{"@type":"ImageObject","@id":"https:\/\/secure.gravatar.com\/avatar\/42264ea8f5170010011c6bbf811aa6c31c20ad3acf2a9bd21dca0746ea8c832a?s=96&d=mm&r=g","url":"https:\/\/secure.gravatar.com\/avatar\/42264ea8f5170010011c6bbf811aa6c31c20ad3acf2a9bd21dca0746ea8c832a?s=96&d=mm&r=g","height":96,"width":96}},"publisher":{"@type":"Organization","name":"mdecor.cz","logo":{"@type":"ImageObject","@id":"\/logo.png","url":"\/logo.png","width":600,"height":60}},"image":{"@type":"ImageObject","@id":"https:\/\/www.mdecor.cz\/wp-content\/uploads\/img_a376640_w3887_t1588161779.jpg","url":"https:\/\/www.mdecor.cz\/wp-content\/uploads\/img_a376640_w3887_t1588161779.jpg","height":0,"width":0},"wordCount":552,"keywords":null},{"@type":"Article","@id":"https:\/\/www.mdecor.cz\/zmena-klimatu-na-zemi\/","headline":"Zm\u011bna klimatu na Zemi","url":"https:\/\/www.mdecor.cz\/zmena-klimatu-na-zemi\/","datePublished":"2019-11-20","dateModified":"2023-06-06","mainEntityOfPage":"https:\/\/www.mdecor.cz\/zmena-klimatu-na-zemi\/","author":{"@type":"Person","@id":"https:\/\/www.mdecor.cz\/author\/#Person","name":"","url":"https:\/\/www.mdecor.cz\/author\/","identifier":1,"image":{"@type":"ImageObject","@id":"https:\/\/secure.gravatar.com\/avatar\/42264ea8f5170010011c6bbf811aa6c31c20ad3acf2a9bd21dca0746ea8c832a?s=96&d=mm&r=g","url":"https:\/\/secure.gravatar.com\/avatar\/42264ea8f5170010011c6bbf811aa6c31c20ad3acf2a9bd21dca0746ea8c832a?s=96&d=mm&r=g","height":96,"width":96}},"publisher":{"@type":"Organization","name":"mdecor.cz","logo":{"@type":"ImageObject","@id":"\/logo.png","url":"\/logo.png","width":600,"height":60}},"image":{"@type":"ImageObject","@id":"https:\/\/www.mdecor.cz\/wp-content\/uploads\/img_a359490_w3887_t1573392872.jpg","url":"https:\/\/www.mdecor.cz\/wp-content\/uploads\/img_a359490_w3887_t1573392872.jpg","height":0,"width":0},"wordCount":633,"keywords":null},{"@type":"Article","@id":"https:\/\/www.mdecor.cz\/nabozenstvi-a-presvedceni\/","headline":"N\u00e1bo\u017eenstv\u00ed a P\u0159esv\u011bd\u010den\u00ed","url":"https:\/\/www.mdecor.cz\/nabozenstvi-a-presvedceni\/","datePublished":"2019-11-03","dateModified":"2023-06-06","mainEntityOfPage":"https:\/\/www.mdecor.cz\/nabozenstvi-a-presvedceni\/","author":{"@type":"Person","@id":"https:\/\/www.mdecor.cz\/author\/#Person","name":"","url":"https:\/\/www.mdecor.cz\/author\/","identifier":1,"image":{"@type":"ImageObject","@id":"https:\/\/secure.gravatar.com\/avatar\/42264ea8f5170010011c6bbf811aa6c31c20ad3acf2a9bd21dca0746ea8c832a?s=96&d=mm&r=g","url":"https:\/\/secure.gravatar.com\/avatar\/42264ea8f5170010011c6bbf811aa6c31c20ad3acf2a9bd21dca0746ea8c832a?s=96&d=mm&r=g","height":96,"width":96}},"publisher":{"@type":"Organization","name":"mdecor.cz","logo":{"@type":"ImageObject","@id":"\/logo.png","url":"\/logo.png","width":600,"height":60}},"image":{"@type":"ImageObject","@id":"https:\/\/www.mdecor.cz\/wp-content\/uploads\/img_a359130_w3887_t1573295883.jpg","url":"https:\/\/www.mdecor.cz\/wp-content\/uploads\/img_a359130_w3887_t1573295883.jpg","height":0,"width":0},"wordCount":629,"keywords":null},{"@type":"Article","@id":"https:\/\/www.mdecor.cz\/pracovni-etiketa-ovladate-ji-i-vy\/","headline":"Pracovn\u00ed etiketa. Ovl\u00e1d\u00e1te j\u00ed i vy?","url":"https:\/\/www.mdecor.cz\/pracovni-etiketa-ovladate-ji-i-vy\/","datePublished":"2019-11-03","dateModified":"2023-06-06","mainEntityOfPage":"https:\/\/www.mdecor.cz\/pracovni-etiketa-ovladate-ji-i-vy\/","author":{"@type":"Person","@id":"https:\/\/www.mdecor.cz\/author\/#Person","name":"","url":"https:\/\/www.mdecor.cz\/author\/","identifier":1,"image":{"@type":"ImageObject","@id":"https:\/\/secure.gravatar.com\/avatar\/42264ea8f5170010011c6bbf811aa6c31c20ad3acf2a9bd21dca0746ea8c832a?s=96&d=mm&r=g","url":"https:\/\/secure.gravatar.com\/avatar\/42264ea8f5170010011c6bbf811aa6c31c20ad3acf2a9bd21dca0746ea8c832a?s=96&d=mm&r=g","height":96,"width":96}},"publisher":{"@type":"Organization","name":"mdecor.cz","logo":{"@type":"ImageObject","@id":"\/logo.png","url":"\/logo.png","width":600,"height":60}},"image":{"@type":"ImageObject","@id":"https:\/\/www.mdecor.cz\/wp-content\/uploads\/img_a342731_w2802_t1555942674.jpg","url":"https:\/\/www.mdecor.cz\/wp-content\/uploads\/img_a342731_w2802_t1555942674.jpg","height":0,"width":0},"wordCount":497,"keywords":null}]},{"@context":"https:\/\/schema.org","@type":"WebSite","@id":"https:\/\/www.mdecor.cz\/#website","name":"M Decor","url":"https:\/\/www.mdecor.cz","potentialAction":{"@type":"SearchAction","target":"https:\/\/www.mdecor.cz\/?s={search_term_string}","query-input":"required name=search_term_string"}}]