[{"@context":"https:\/\/schema.org\/","@type":"Blog","@id":"https:\/\/www.mdecor.cz#Blog","headline":"M Decor","description":"\nPot\u0159ebovali byste vzpruhu, jen\u017ee nikdo nenab\u00edz\u00ed to, co hled\u00e1te? A nenapadlo v\u00e1s pod\u00edvat se, zda to prav\u00e9 nenab\u00edz\u00edme pr\u00e1v\u011b na tomto na\u0161em webu?","url":"https:\/\/www.mdecor.cz","hasPart":[{"@type":"Article","@id":"https:\/\/www.mdecor.cz\/americka-hypoteka-vas-zbavi-starosti-a-dopreje-vam-zabavu\/","headline":"Americk\u00e1 hypot\u00e9ka v\u00e1s zbav\u00ed starost\u00ed a dop\u0159eje v\u00e1m z\u00e1bavu","url":"https:\/\/www.mdecor.cz\/americka-hypoteka-vas-zbavi-starosti-a-dopreje-vam-zabavu\/","datePublished":"2019-08-12","dateModified":"2019-08-12","mainEntityOfPage":"https:\/\/www.mdecor.cz\/americka-hypoteka-vas-zbavi-starosti-a-dopreje-vam-zabavu\/","author":{"@type":"Person","@id":"https:\/\/www.mdecor.cz\/author\/#Person","name":"","url":"https:\/\/www.mdecor.cz\/author\/","identifier":1,"image":{"@type":"ImageObject","@id":"https:\/\/secure.gravatar.com\/avatar\/42264ea8f5170010011c6bbf811aa6c31c20ad3acf2a9bd21dca0746ea8c832a?s=96&d=mm&r=g","url":"https:\/\/secure.gravatar.com\/avatar\/42264ea8f5170010011c6bbf811aa6c31c20ad3acf2a9bd21dca0746ea8c832a?s=96&d=mm&r=g","height":96,"width":96}},"publisher":{"@type":"Organization","name":"mdecor.cz","logo":{"@type":"ImageObject","@id":"\/logo.png","url":"\/logo.png","width":600,"height":60}},"image":{"@type":"ImageObject","@id":"https:\/\/www.mdecor.cz\/wp-content\/uploads\/img_a360593_w2096_t1574188414.jpg","url":"https:\/\/www.mdecor.cz\/wp-content\/uploads\/img_a360593_w2096_t1574188414.jpg","height":0,"width":0},"wordCount":544,"keywords":null},{"@type":"Article","@id":"https:\/\/www.mdecor.cz\/prevence-proti-skode\/","headline":"Prevence proti \u0161kod\u011b","url":"https:\/\/www.mdecor.cz\/prevence-proti-skode\/","datePublished":"2019-08-07","dateModified":"2023-06-06","mainEntityOfPage":"https:\/\/www.mdecor.cz\/prevence-proti-skode\/","author":{"@type":"Person","@id":"https:\/\/www.mdecor.cz\/author\/#Person","name":"","url":"https:\/\/www.mdecor.cz\/author\/","identifier":1,"image":{"@type":"ImageObject","@id":"https:\/\/secure.gravatar.com\/avatar\/42264ea8f5170010011c6bbf811aa6c31c20ad3acf2a9bd21dca0746ea8c832a?s=96&d=mm&r=g","url":"https:\/\/secure.gravatar.com\/avatar\/42264ea8f5170010011c6bbf811aa6c31c20ad3acf2a9bd21dca0746ea8c832a?s=96&d=mm&r=g","height":96,"width":96}},"publisher":{"@type":"Organization","name":"mdecor.cz","logo":{"@type":"ImageObject","@id":"\/logo.png","url":"\/logo.png","width":600,"height":60}},"image":{"@type":"ImageObject","@id":"https:\/\/www.mdecor.cz\/wp-content\/uploads\/img_a358568_w1773_t1572944842.png","url":"https:\/\/www.mdecor.cz\/wp-content\/uploads\/img_a358568_w1773_t1572944842.png","height":0,"width":0},"wordCount":533,"keywords":null},{"@type":"Article","@id":"https:\/\/www.mdecor.cz\/svatebni-ozdoby\/","headline":"Svatebn\u00ed ozdoby","url":"https:\/\/www.mdecor.cz\/svatebni-ozdoby\/","datePublished":"2019-08-02","dateModified":"2023-06-06","mainEntityOfPage":"https:\/\/www.mdecor.cz\/svatebni-ozdoby\/","author":{"@type":"Person","@id":"https:\/\/www.mdecor.cz\/author\/#Person","name":"","url":"https:\/\/www.mdecor.cz\/author\/","identifier":1,"image":{"@type":"ImageObject","@id":"https:\/\/secure.gravatar.com\/avatar\/42264ea8f5170010011c6bbf811aa6c31c20ad3acf2a9bd21dca0746ea8c832a?s=96&d=mm&r=g","url":"https:\/\/secure.gravatar.com\/avatar\/42264ea8f5170010011c6bbf811aa6c31c20ad3acf2a9bd21dca0746ea8c832a?s=96&d=mm&r=g","height":96,"width":96}},"publisher":{"@type":"Organization","name":"mdecor.cz","logo":{"@type":"ImageObject","@id":"\/logo.png","url":"\/logo.png","width":600,"height":60}},"image":{"@type":"ImageObject","@id":"https:\/\/www.mdecor.cz\/wp-content\/uploads\/img_a360756_w1723_t1574322593.jpg","url":"https:\/\/www.mdecor.cz\/wp-content\/uploads\/img_a360756_w1723_t1574322593.jpg","height":0,"width":0},"wordCount":4515,"keywords":null},{"@type":"Article","@id":"https:\/\/www.mdecor.cz\/i-obalky-jsou-dulezite\/","headline":"I ob\u00e1lky jsou d\u016fle\u017eit\u00e9","url":"https:\/\/www.mdecor.cz\/i-obalky-jsou-dulezite\/","datePublished":"2019-07-22","dateModified":"2023-06-06","mainEntityOfPage":"https:\/\/www.mdecor.cz\/i-obalky-jsou-dulezite\/","author":{"@type":"Person","@id":"https:\/\/www.mdecor.cz\/author\/#Person","name":"","url":"https:\/\/www.mdecor.cz\/author\/","identifier":1,"image":{"@type":"ImageObject","@id":"https:\/\/secure.gravatar.com\/avatar\/42264ea8f5170010011c6bbf811aa6c31c20ad3acf2a9bd21dca0746ea8c832a?s=96&d=mm&r=g","url":"https:\/\/secure.gravatar.com\/avatar\/42264ea8f5170010011c6bbf811aa6c31c20ad3acf2a9bd21dca0746ea8c832a?s=96&d=mm&r=g","height":96,"width":96}},"publisher":{"@type":"Organization","name":"mdecor.cz","logo":{"@type":"ImageObject","@id":"\/logo.png","url":"\/logo.png","width":600,"height":60}},"image":{"@type":"ImageObject","@id":"https:\/\/www.mdecor.cz\/wp-content\/uploads\/img_a353483_w1943_t1568025701.jpg","url":"https:\/\/www.mdecor.cz\/wp-content\/uploads\/img_a353483_w1943_t1568025701.jpg","height":0,"width":0},"wordCount":4554,"keywords":null},{"@type":"Article","@id":"https:\/\/www.mdecor.cz\/nakupy-pres-internet-proc-nas-tolik-bavi\/","headline":"N\u00e1kupy p\u0159es internet. Pro\u010d n\u00e1s tolik bav\u00ed?","url":"https:\/\/www.mdecor.cz\/nakupy-pres-internet-proc-nas-tolik-bavi\/","datePublished":"2019-07-15","dateModified":"2023-06-06","mainEntityOfPage":"https:\/\/www.mdecor.cz\/nakupy-pres-internet-proc-nas-tolik-bavi\/","author":{"@type":"Person","@id":"https:\/\/www.mdecor.cz\/author\/#Person","name":"","url":"https:\/\/www.mdecor.cz\/author\/","identifier":1,"image":{"@type":"ImageObject","@id":"https:\/\/secure.gravatar.com\/avatar\/42264ea8f5170010011c6bbf811aa6c31c20ad3acf2a9bd21dca0746ea8c832a?s=96&d=mm&r=g","url":"https:\/\/secure.gravatar.com\/avatar\/42264ea8f5170010011c6bbf811aa6c31c20ad3acf2a9bd21dca0746ea8c832a?s=96&d=mm&r=g","height":96,"width":96}},"publisher":{"@type":"Organization","name":"mdecor.cz","logo":{"@type":"ImageObject","@id":"\/logo.png","url":"\/logo.png","width":600,"height":60}},"image":{"@type":"ImageObject","@id":"https:\/\/www.mdecor.cz\/wp-content\/uploads\/img_a349813_w2291_t1564847212.jpg","url":"https:\/\/www.mdecor.cz\/wp-content\/uploads\/img_a349813_w2291_t1564847212.jpg","height":0,"width":0},"wordCount":482,"keywords":null},{"@type":"Article","@id":"https:\/\/www.mdecor.cz\/dovolena-v-jiznich-cechach\/","headline":"Dovolen\u00e1 v ji\u017en\u00edch \u010cech\u00e1ch","url":"https:\/\/www.mdecor.cz\/dovolena-v-jiznich-cechach\/","datePublished":"2019-06-12","dateModified":"2023-06-06","mainEntityOfPage":"https:\/\/www.mdecor.cz\/dovolena-v-jiznich-cechach\/","author":{"@type":"Person","@id":"https:\/\/www.mdecor.cz\/author\/#Person","name":"","url":"https:\/\/www.mdecor.cz\/author\/","identifier":1,"image":{"@type":"ImageObject","@id":"https:\/\/secure.gravatar.com\/avatar\/42264ea8f5170010011c6bbf811aa6c31c20ad3acf2a9bd21dca0746ea8c832a?s=96&d=mm&r=g","url":"https:\/\/secure.gravatar.com\/avatar\/42264ea8f5170010011c6bbf811aa6c31c20ad3acf2a9bd21dca0746ea8c832a?s=96&d=mm&r=g","height":96,"width":96}},"publisher":{"@type":"Organization","name":"mdecor.cz","logo":{"@type":"ImageObject","@id":"\/logo.png","url":"\/logo.png","width":600,"height":60}},"image":{"@type":"ImageObject","@id":"https:\/\/www.mdecor.cz\/wp-content\/uploads\/img_a348754_w2182_t1563636648.jpg","url":"https:\/\/www.mdecor.cz\/wp-content\/uploads\/img_a348754_w2182_t1563636648.jpg","height":0,"width":0},"wordCount":450,"keywords":null},{"@type":"Article","@id":"https:\/\/www.mdecor.cz\/zemni-prace-praha-pro-firmy-i-jednotlivce\/","headline":"Zemn\u00ed pr\u00e1ce Praha pro firmy i jednotlivce","url":"https:\/\/www.mdecor.cz\/zemni-prace-praha-pro-firmy-i-jednotlivce\/","datePublished":"2019-05-14","dateModified":"2023-06-06","mainEntityOfPage":"https:\/\/www.mdecor.cz\/zemni-prace-praha-pro-firmy-i-jednotlivce\/","author":{"@type":"Person","@id":"https:\/\/www.mdecor.cz\/author\/#Person","name":"","url":"https:\/\/www.mdecor.cz\/author\/","identifier":1,"image":{"@type":"ImageObject","@id":"https:\/\/secure.gravatar.com\/avatar\/42264ea8f5170010011c6bbf811aa6c31c20ad3acf2a9bd21dca0746ea8c832a?s=96&d=mm&r=g","url":"https:\/\/secure.gravatar.com\/avatar\/42264ea8f5170010011c6bbf811aa6c31c20ad3acf2a9bd21dca0746ea8c832a?s=96&d=mm&r=g","height":96,"width":96}},"publisher":{"@type":"Organization","name":"mdecor.cz","logo":{"@type":"ImageObject","@id":"\/logo.png","url":"\/logo.png","width":600,"height":60}},"image":{"@type":"ImageObject","@id":"https:\/\/www.mdecor.cz\/wp-content\/uploads\/img_a348617_w1720_t1563537477.jpg","url":"https:\/\/www.mdecor.cz\/wp-content\/uploads\/img_a348617_w1720_t1563537477.jpg","height":0,"width":0},"wordCount":554,"keywords":null},{"@type":"Article","@id":"https:\/\/www.mdecor.cz\/pripravy-na-maturitni-ples\/","headline":"P\u0159\u00edpravy na maturitn\u00ed ples","url":"https:\/\/www.mdecor.cz\/pripravy-na-maturitni-ples\/","datePublished":"2019-03-14","dateModified":"2023-06-06","mainEntityOfPage":"https:\/\/www.mdecor.cz\/pripravy-na-maturitni-ples\/","author":{"@type":"Person","@id":"https:\/\/www.mdecor.cz\/author\/#Person","name":"","url":"https:\/\/www.mdecor.cz\/author\/","identifier":1,"image":{"@type":"ImageObject","@id":"https:\/\/secure.gravatar.com\/avatar\/42264ea8f5170010011c6bbf811aa6c31c20ad3acf2a9bd21dca0746ea8c832a?s=96&d=mm&r=g","url":"https:\/\/secure.gravatar.com\/avatar\/42264ea8f5170010011c6bbf811aa6c31c20ad3acf2a9bd21dca0746ea8c832a?s=96&d=mm&r=g","height":96,"width":96}},"publisher":{"@type":"Organization","name":"mdecor.cz","logo":{"@type":"ImageObject","@id":"\/logo.png","url":"\/logo.png","width":600,"height":60}},"image":{"@type":"ImageObject","@id":"https:\/\/www.mdecor.cz\/wp-content\/uploads\/img_a339869_w2499_t1552930982.jpg","url":"https:\/\/www.mdecor.cz\/wp-content\/uploads\/img_a339869_w2499_t1552930982.jpg","height":0,"width":0},"wordCount":494,"keywords":null},{"@type":"Article","@id":"https:\/\/www.mdecor.cz\/prakticke-a-zdobne-zaroven\/","headline":"Praktick\u00e9 a zdobn\u00e9 z\u00e1rove\u0148","url":"https:\/\/www.mdecor.cz\/prakticke-a-zdobne-zaroven\/","datePublished":"2019-02-23","dateModified":"2023-06-06","mainEntityOfPage":"https:\/\/www.mdecor.cz\/prakticke-a-zdobne-zaroven\/","author":{"@type":"Person","@id":"https:\/\/www.mdecor.cz\/author\/#Person","name":"","url":"https:\/\/www.mdecor.cz\/author\/","identifier":1,"image":{"@type":"ImageObject","@id":"https:\/\/secure.gravatar.com\/avatar\/42264ea8f5170010011c6bbf811aa6c31c20ad3acf2a9bd21dca0746ea8c832a?s=96&d=mm&r=g","url":"https:\/\/secure.gravatar.com\/avatar\/42264ea8f5170010011c6bbf811aa6c31c20ad3acf2a9bd21dca0746ea8c832a?s=96&d=mm&r=g","height":96,"width":96}},"publisher":{"@type":"Organization","name":"mdecor.cz","logo":{"@type":"ImageObject","@id":"\/logo.png","url":"\/logo.png","width":600,"height":60}},"image":{"@type":"ImageObject","@id":"https:\/\/www.mdecor.cz\/wp-content\/uploads\/img_a338505_w2014_t1551191881.png","url":"https:\/\/www.mdecor.cz\/wp-content\/uploads\/img_a338505_w2014_t1551191881.png","height":0,"width":0},"wordCount":480,"keywords":null},{"@type":"Article","@id":"https:\/\/www.mdecor.cz\/jidlo-neni-jen-zakladni-potreba\/","headline":"J\u00eddlo nen\u00ed jen z\u00e1kladn\u00ed pot\u0159eba","url":"https:\/\/www.mdecor.cz\/jidlo-neni-jen-zakladni-potreba\/","datePublished":"2019-02-12","dateModified":"2023-09-01","mainEntityOfPage":"https:\/\/www.mdecor.cz\/jidlo-neni-jen-zakladni-potreba\/","author":{"@type":"Person","@id":"https:\/\/www.mdecor.cz\/author\/#Person","name":"","url":"https:\/\/www.mdecor.cz\/author\/","identifier":1,"image":{"@type":"ImageObject","@id":"https:\/\/secure.gravatar.com\/avatar\/42264ea8f5170010011c6bbf811aa6c31c20ad3acf2a9bd21dca0746ea8c832a?s=96&d=mm&r=g","url":"https:\/\/secure.gravatar.com\/avatar\/42264ea8f5170010011c6bbf811aa6c31c20ad3acf2a9bd21dca0746ea8c832a?s=96&d=mm&r=g","height":96,"width":96}},"publisher":{"@type":"Organization","name":"mdecor.cz","logo":{"@type":"ImageObject","@id":"\/logo.png","url":"\/logo.png","width":600,"height":60}},"image":{"@type":"ImageObject","@id":"https:\/\/www.mdecor.cz\/wp-content\/uploads\/img_a340317_w1740_t1553259680.jpg","url":"https:\/\/www.mdecor.cz\/wp-content\/uploads\/img_a340317_w1740_t1553259680.jpg","height":0,"width":0},"wordCount":603,"keywords":null}]},{"@context":"https:\/\/schema.org","@type":"WebSite","@id":"https:\/\/www.mdecor.cz\/#website","name":"M Decor","url":"https:\/\/www.mdecor.cz","potentialAction":{"@type":"SearchAction","target":"https:\/\/www.mdecor.cz\/?s={search_term_string}","query-input":"required name=search_term_string"}}]