[{"@context":"https:\/\/schema.org\/","@type":"Article","@id":"https:\/\/www.mdecor.cz\/pohodli-jako-ve-vane\/#Article","mainEntityOfPage":"https:\/\/www.mdecor.cz\/pohodli-jako-ve-vane\/","headline":"Pohodl\u00ed jako ve van\u011b","name":"Pohodl\u00ed jako ve van\u011b","description":"U\u017e\u00edvat si hork\u00e9 l\u00e9to. Abyste tento term\u00edn opravdu mohli naplnit, nelze jej tr\u00e1vit v kancel\u00e1\u0159i, nebo uvnit\u0159 v dom\u011b. Nejl\u00e9pe si hork\u00e9 l\u00e9to u\u017eijete na vlastn\u00ed zahrad\u011b, kde m\u00e1te \u00fapln\u00e9 soukrom\u00ed a k dispozici vlastn\u00ed prostorn\u00fd baz\u00e9n. V l\u00e9t\u011b se skute\u010dn\u011b t\u011b\u0161\u00edme na ka\u017edou chv\u00edli v baz\u00e9nu a l\u00edb\u00ed se n\u00e1m p\u0159\u00edjemn\u00e9 osv\u011b\u017een\u00ed a svla\u017een\u00ed [&hellip;]","datePublished":"2017-05-17","dateModified":"2023-06-06","author":{"@type":"Person","@id":"https:\/\/www.mdecor.cz\/author\/#Person","name":"","url":"https:\/\/www.mdecor.cz\/author\/","identifier":1,"image":{"@type":"ImageObject","@id":"https:\/\/secure.gravatar.com\/avatar\/42264ea8f5170010011c6bbf811aa6c31c20ad3acf2a9bd21dca0746ea8c832a?s=96&d=mm&r=g","url":"https:\/\/secure.gravatar.com\/avatar\/42264ea8f5170010011c6bbf811aa6c31c20ad3acf2a9bd21dca0746ea8c832a?s=96&d=mm&r=g","height":96,"width":96}},"publisher":{"@type":"Organization","name":"mdecor.cz","logo":{"@type":"ImageObject","@id":"\/logo.png","url":"\/logo.png","width":600,"height":60}},"image":{"@type":"ImageObject","@id":"https:\/\/www.mdecor.cz\/wp-content\/uploads\/img_a293891_w2134_t1505915695.jpg","url":"https:\/\/www.mdecor.cz\/wp-content\/uploads\/img_a293891_w2134_t1505915695.jpg","height":0,"width":0},"url":"https:\/\/www.mdecor.cz\/pohodli-jako-ve-vane\/","about":["Kultura"],"wordCount":430,"articleBody":"        U\u017e\u00edvat si hork\u00e9 l\u00e9to. Abyste tento term\u00edn opravdu mohli naplnit, nelze jej tr\u00e1vit v kancel\u00e1\u0159i, nebo uvnit\u0159 v dom\u011b. Nejl\u00e9pe si hork\u00e9 l\u00e9to u\u017eijete na vlastn\u00ed zahrad\u011b, kde m\u00e1te \u00fapln\u00e9 soukrom\u00ed a k dispozici vlastn\u00ed prostorn\u00fd baz\u00e9n. V l\u00e9t\u011b se skute\u010dn\u011b t\u011b\u0161\u00edme na ka\u017edou chv\u00edli v baz\u00e9nu a l\u00edb\u00ed se n\u00e1m p\u0159\u00edjemn\u00e9 osv\u011b\u017een\u00ed a svla\u017een\u00ed cel\u00e9ho t\u011bla. Jak si pohodl\u00ed u\u017e\u00edt co nejd\u00e9le? V hork\u00fdch letn\u00edch dnech n\u00e1m ned\u011bl\u00e1 pot\u00ed\u017ee tr\u00e1vit v baz\u00e9nu odpoledn\u00ed hodiny, ale co kdybyste si vyh\u0159\u00e1tou vodn\u00ed hladinu mohli u\u017e\u00edt u\u017e od \u010dasn\u00e9ho r\u00e1na? Nebo i ve dnech, kdy se slun\u00ed\u010dko trochu schov\u00e1v\u00e1? \u010ci v m\u011bs\u00edc\u00edch, kdy je\u0161t\u011b koupac\u00ed sez\u00f3na \u00fapln\u011b neza\u010dala, nebo se bl\u00ed\u017e\u00ed ke sv\u00e9mu konci? Umo\u017en\u00ed v\u00e1m to sol\u00e1rn\u00ed plachta. Um\u00edst\u011bn\u00e1 p\u0159es v\u00e1\u0161 zahradn\u00ed baz\u00e9n tak, aby se dot\u00fdkala vodn\u00ed hladiny. Sol\u00e1rn\u00ed plachta um\u00ed nejen proh\u0159\u00e1t vodu ve va\u0161em baz\u00e9nu, ale i mnohem v\u00edce. Pro\u010d neot\u00e1let s n\u00e1kupem Po\u0159\u00edzen\u00edm sol\u00e1rn\u00ed plachty z\u00edsk\u00e1te nejen prost\u0159edek, kter\u00fd v\u00e1m zcela bezplatn\u011b vyh\u0159eje vodu ve va\u0161\u00ed n\u00e1dr\u017ei. Pom\u016f\u017ee v\u00e1m i udr\u017eet d\u00e9le teplotu vody. Vykoupat se v baz\u00e9nu budete moci i v pozdn\u00edch no\u010dn\u00edch hodin\u00e1ch a p\u0159itom se budete st\u00e1le c\u00edtit, jako doma ve van\u011b. Ano, i takovou teplotu m\u016f\u017ee m\u00edt voda ve va\u0161em baz\u00e9nu. Baz\u00e9n je velmi vhodn\u00e9 zakr\u00fdvat nejen z d\u016fvodu udr\u017een\u00ed p\u0159\u00edjemn\u00e9 teploty vody, plachta zabr\u00e1n\u00ed i zne\u010di\u0161t\u011bn\u00ed vodn\u00ed hladiny. P\u0159es noc se v\u00e1m do n\u00e1dr\u017ee m\u016f\u017ee dostat velk\u00e1 spousta ne\u010distot, jako nap\u0159\u00edklad spaden\u00e9 list\u00ed, drobn\u00e9 v\u011btvi\u010dky, \u010di nejr\u016fzn\u011bj\u0161\u00ed hmyz. Odstra\u0148ov\u00e1n\u00ed takov\u00fdch ne\u010distot je mnohem v\u011bt\u0161\u00ed n\u00e1maha, ne\u017e probl\u00e9mu p\u0159edch\u00e1zet a pravideln\u011b myslet na zakryt\u00ed baz\u00e9nu. Vyberte si svou novou sol\u00e1rn\u00ed plachtu co nejd\u0159\u00edve a bu\u010fte p\u0159ipraveni na letn\u00ed sez\u00f3nu! Je k dispozici v n\u011bkolika barevn\u00fdch variant\u00e1ch, r\u016fzn\u00fdch rozm\u011brech i proveden\u00ed. Brzy z\u00edsk\u00e1te v\u00fdkonn\u00e9ho pomocn\u00edka, kter\u00fd zah\u0159eje vodn\u00ed hladinu a pom\u016f\u017ee od nejr\u016fzn\u011bj\u0161\u00edch ne\u010distot.                                                                                                                                                                                                                                                                                                                                                                                          5\/5 - (4 votes)        "},{"@context":"https:\/\/schema.org\/","@type":"BreadcrumbList","itemListElement":[{"@type":"ListItem","position":1,"name":"Pohodl\u00ed jako ve van\u011b","item":"https:\/\/www.mdecor.cz\/pohodli-jako-ve-vane\/#breadcrumbitem"}]}]