[{"@context":"https:\/\/schema.org\/","@type":"Article","@id":"https:\/\/www.mdecor.cz\/priprava-firemniho-vecirku\/#Article","mainEntityOfPage":"https:\/\/www.mdecor.cz\/priprava-firemniho-vecirku\/","headline":"P\u0159\u00edprava firemn\u00edho ve\u010d\u00edrku","name":"P\u0159\u00edprava firemn\u00edho ve\u010d\u00edrku","description":"Firemn\u00ed ve\u010d\u00edrek je \u00fa\u017easn\u00e1 spole\u010densk\u00e1 akce, na kterou se v\u011bt\u0161ina zam\u011bstnanc\u016f t\u011b\u0161\u00ed, a nav\u00edc si zlep\u0161\u00ed vztahy. D\u00edky p\u00e1rty stanu, m\u00e1te p\u0159\u00edst\u0159e\u0161\u00ed zaji\u0161t\u011bn\u00e9. P\u0159\u00edprava firemn\u00edho ve\u010d\u00edrku V\u00fdznamn\u00e1 ud\u00e1lost Firemn\u00ed ve\u010d\u00edrek m\u016f\u017ee b\u00fdt \u00fa\u017easn\u00e1 akce, na kterou budou zam\u011bstnanci vzpom\u00ednat a po\u0159\u00e1dn\u011b si j\u00ed u\u017eij\u00ed. Jestli\u017ee m\u00e1te na starosti jeho pl\u00e1nov\u00e1n\u00ed, tak nejde o snadn\u00fd \u00fakol [&hellip;]","datePublished":"2020-06-21","dateModified":"2023-06-06","author":{"@type":"Person","@id":"https:\/\/www.mdecor.cz\/author\/#Person","name":"","url":"https:\/\/www.mdecor.cz\/author\/","identifier":1,"image":{"@type":"ImageObject","@id":"https:\/\/secure.gravatar.com\/avatar\/42264ea8f5170010011c6bbf811aa6c31c20ad3acf2a9bd21dca0746ea8c832a?s=96&d=mm&r=g","url":"https:\/\/secure.gravatar.com\/avatar\/42264ea8f5170010011c6bbf811aa6c31c20ad3acf2a9bd21dca0746ea8c832a?s=96&d=mm&r=g","height":96,"width":96}},"publisher":{"@type":"Organization","name":"mdecor.cz","logo":{"@type":"ImageObject","@id":"\/logo.png","url":"\/logo.png","width":600,"height":60}},"image":{"@type":"ImageObject","@id":"https:\/\/www.mdecor.cz\/wp-content\/uploads\/venkovn%C3%AD%20ve%C4%8D%C3%ADrek.jpg","url":"https:\/\/www.mdecor.cz\/wp-content\/uploads\/venkovn%C3%AD%20ve%C4%8D%C3%ADrek.jpg","height":0,"width":0},"url":"https:\/\/www.mdecor.cz\/priprava-firemniho-vecirku\/","about":["Spole\u010dnosti"],"wordCount":502,"articleBody":"       Firemn\u00ed ve\u010d\u00edrek je \u00fa\u017easn\u00e1 spole\u010densk\u00e1 akce, na kterou se v\u011bt\u0161ina zam\u011bstnanc\u016f t\u011b\u0161\u00ed, a nav\u00edc si zlep\u0161\u00ed vztahy. D\u00edky p\u00e1rty stanu, m\u00e1te p\u0159\u00edst\u0159e\u0161\u00ed zaji\u0161t\u011bn\u00e9.P\u0159\u00edprava firemn\u00edho ve\u010d\u00edrkuV\u00fdznamn\u00e1 ud\u00e1lostFiremn\u00ed ve\u010d\u00edrek m\u016f\u017ee b\u00fdt \u00fa\u017easn\u00e1 akce, na kterou budou zam\u011bstnanci vzpom\u00ednat a po\u0159\u00e1dn\u011b si j\u00ed u\u017eij\u00ed. Jestli\u017ee m\u00e1te na starosti jeho pl\u00e1nov\u00e1n\u00ed, tak nejde o snadn\u00fd \u00fakol a mus\u00edme se poprat s n\u011bkolika v\u011bcmi. Aby m\u011bl ve\u010d\u00edrek \u00fasp\u011bch, tak je pot\u0159eba na n\u011bj nejprve lidi nal\u00e1kat p\u0159es pozv\u00e1nku, jen\u017e bude zaj\u00edmav\u00e1 a bude na n\u00ed t\u0159eba atraktivn\u00ed program, proto\u017ee jedin\u011b tak zajist\u00edte, \u017ee si ji ka\u017ed\u00fd p\u0159e\u010dte a doraz\u00ed na ni spousta lid\u00ed. Samoz\u0159ejmost\u00ed je pozv\u00e1nku poslat dop\u0159edu a napsat na ni \u010das a m\u00edsto, jen\u017e se nebojte rezervovat i m\u011bs\u00edce dop\u0159edu. V\u0161echno se odv\u00edj\u00ed od \u010d\u00e1stky, jakou m\u00e1te na akci vymezenou, ov\u0161em i s mal\u00fdm rozpo\u010dtem m\u016f\u017eete zajistit skv\u011bl\u00fd ve\u010d\u00edrek. Toho doc\u00edl\u00edte pomoc\u00ed z\u00e1bavn\u00e9ho programu, tak\u017ee se nesna\u017ete do n\u011bj cp\u00e1t dlouh\u00e9 odborn\u00e9 proslovy, proto\u017ee ty \u0159\u00e1dov\u011b zam\u011bstnance budou nudit. U n\u011bkter\u00fdch ve\u010d\u00edrku se zvou i rodiny zam\u011bstnanc\u016f, proto\u017ee ty jsou pro mnoh\u00e9 nejd\u016fle\u017eit\u011bj\u0161\u00ed v\u011bc\u00ed, a nav\u00edc je to jejich podpora i v t\u011b\u017ek\u00fdch chv\u00edl\u00edch.ProstoryV mnoha p\u0159\u00edpadech je pro ve\u010d\u00edrek pot\u0159eba zajistit m\u00edsto, kde se bude d\u00e1t p\u0159\u00edjemn\u011b str\u00e1vit cel\u00e1 akce a z\u00e1rove\u0148 se na n\u011bj vlezou v\u0161ichni pozv\u00e1n\u00ed hosti, kter\u00fdch rovna nen\u00ed m\u00e1lo, a nav\u00edc nechcete za n\u011bj utratit spoustu pen\u011bz, aby finance zbyly i na ob\u010derstven\u00ed a z\u00e1bavu. Ide\u00e1ln\u00ed volbou je proto p\u00e1rty stan pron\u00e1jem https:\/\/www.partystanyaz.cz\/pronajem.html, jen\u017e odol\u00e1 i prudk\u00e9mu slejv\u00e1ku, kter\u00fd by mohl cel\u00fd ve\u010d\u00edrek zkazit. Velkoplo\u0161n\u00e9 stany jsou vyrobeny ze slitiny hlin\u00edku, jen\u017e m\u00e1 opravdu skv\u011blou pevnost a vlastnosti, tak\u017ee po slo\u017een\u00ed stanu s n\u00edm nikdo ani nehne a Vy m\u00e1te zaji\u0161t\u011bn\u00e9 bezpe\u010dn\u00e9 prost\u0159ed\u00ed do ka\u017ed\u00e9ho po\u010das\u00ed, co\u017e je mnohem lep\u0161\u00ed ne\u017e b\u00fdt zav\u0159en\u00fd uvnit\u0159 m\u00edstnosti. O proveden\u00ed a vzhled se v\u016fbec nemus\u00edte b\u00e1t, proto\u017ee tento stan V\u00e1m rozhodn\u011b ostudu nikdy neud\u011bl\u00e1. Je tu mo\u017enost i zap\u016fj\u010den\u00ed n\u00e1bytku vybaven\u00ed a dekorac\u00ed, aby prost\u0159ed\u00ed bylo opravdu n\u00e1dhern\u00e9 a ka\u017ed\u00fd host si m\u011bl kam sednout. Abyste nemuseli chodit jen tak t\u0159eba po tr\u00e1v\u011b \u010di betonu, tak je tu mo\u017enost i nechat si sestavit d\u0159ev\u011bnou podlahu.                                                                                                                                                                                                                                                                                                                                                                                           4.7\/5 - (7 votes)        "},{"@context":"https:\/\/schema.org\/","@type":"BreadcrumbList","itemListElement":[{"@type":"ListItem","position":1,"name":"P\u0159\u00edprava firemn\u00edho ve\u010d\u00edrku","item":"https:\/\/www.mdecor.cz\/priprava-firemniho-vecirku\/#breadcrumbitem"}]}]