{"@context":"https:\/\/schema.org\/","@type":"CollectionPage","@id":"https:\/\/www.mdecor.cz\/spolecnosti\/#CollectionPage","headline":"Spole\u010dnosti Category","description":"","url":"https:\/\/www.mdecor.cz\/spolecnosti\/","hasPart":[{"@type":"Article","@id":"https:\/\/www.mdecor.cz\/priprava-firemniho-vecirku\/","headline":"P\u0159\u00edprava firemn\u00edho ve\u010d\u00edrku","url":"https:\/\/www.mdecor.cz\/priprava-firemniho-vecirku\/","datePublished":"2020-06-21","dateModified":"2023-06-06","mainEntityOfPage":"https:\/\/www.mdecor.cz\/priprava-firemniho-vecirku\/","author":{"@type":"Person","@id":"https:\/\/www.mdecor.cz\/author\/#Person","name":"","url":"https:\/\/www.mdecor.cz\/author\/","identifier":1,"image":{"@type":"ImageObject","@id":"https:\/\/secure.gravatar.com\/avatar\/42264ea8f5170010011c6bbf811aa6c31c20ad3acf2a9bd21dca0746ea8c832a?s=96&d=mm&r=g","url":"https:\/\/secure.gravatar.com\/avatar\/42264ea8f5170010011c6bbf811aa6c31c20ad3acf2a9bd21dca0746ea8c832a?s=96&d=mm&r=g","height":96,"width":96}},"publisher":{"@type":"Organization","name":"mdecor.cz","logo":{"@type":"ImageObject","@id":"\/logo.png","url":"\/logo.png","width":600,"height":60}},"image":{"@type":"ImageObject","@id":"https:\/\/www.mdecor.cz\/wp-content\/uploads\/venkovn%C3%AD%20ve%C4%8D%C3%ADrek.jpg","url":"https:\/\/www.mdecor.cz\/wp-content\/uploads\/venkovn%C3%AD%20ve%C4%8D%C3%ADrek.jpg","height":0,"width":0},"keywords":null},{"@type":"Article","@id":"https:\/\/www.mdecor.cz\/nechte-se-odvezt\/","headline":"Nechte se odv\u00e9zt","url":"https:\/\/www.mdecor.cz\/nechte-se-odvezt\/","datePublished":"2020-06-20","dateModified":"2023-10-16","mainEntityOfPage":"https:\/\/www.mdecor.cz\/nechte-se-odvezt\/","author":{"@type":"Person","@id":"https:\/\/www.mdecor.cz\/author\/#Person","name":"","url":"https:\/\/www.mdecor.cz\/author\/","identifier":1,"image":{"@type":"ImageObject","@id":"https:\/\/secure.gravatar.com\/avatar\/42264ea8f5170010011c6bbf811aa6c31c20ad3acf2a9bd21dca0746ea8c832a?s=96&d=mm&r=g","url":"https:\/\/secure.gravatar.com\/avatar\/42264ea8f5170010011c6bbf811aa6c31c20ad3acf2a9bd21dca0746ea8c832a?s=96&d=mm&r=g","height":96,"width":96}},"publisher":{"@type":"Organization","name":"mdecor.cz","logo":{"@type":"ImageObject","@id":"\/logo.png","url":"\/logo.png","width":600,"height":60}},"image":{"@type":"ImageObject","@id":"https:\/\/www.mdecor.cz\/wp-content\/uploads\/sed%C3%ADc%C3%AD%20alkoholi%C4%8Dka.jpg","url":"https:\/\/www.mdecor.cz\/wp-content\/uploads\/sed%C3%ADc%C3%AD%20alkoholi%C4%8Dka.jpg","height":0,"width":0},"keywords":null},{"@type":"Article","@id":"https:\/\/www.mdecor.cz\/narozeninova-oslava\/","headline":"Narozeninov\u00e1 oslava","url":"https:\/\/www.mdecor.cz\/narozeninova-oslava\/","datePublished":"2020-05-15","dateModified":"2023-06-06","mainEntityOfPage":"https:\/\/www.mdecor.cz\/narozeninova-oslava\/","author":{"@type":"Person","@id":"https:\/\/www.mdecor.cz\/author\/#Person","name":"","url":"https:\/\/www.mdecor.cz\/author\/","identifier":1,"image":{"@type":"ImageObject","@id":"https:\/\/secure.gravatar.com\/avatar\/42264ea8f5170010011c6bbf811aa6c31c20ad3acf2a9bd21dca0746ea8c832a?s=96&d=mm&r=g","url":"https:\/\/secure.gravatar.com\/avatar\/42264ea8f5170010011c6bbf811aa6c31c20ad3acf2a9bd21dca0746ea8c832a?s=96&d=mm&r=g","height":96,"width":96}},"publisher":{"@type":"Organization","name":"mdecor.cz","logo":{"@type":"ImageObject","@id":"\/logo.png","url":"\/logo.png","width":600,"height":60}},"image":{"@type":"ImageObject","@id":"https:\/\/www.mdecor.cz\/wp-content\/uploads\/narozeninov%C3%BD%20dort_2.jpg","url":"https:\/\/www.mdecor.cz\/wp-content\/uploads\/narozeninov%C3%BD%20dort_2.jpg","height":0,"width":0},"keywords":null},{"@type":"Article","@id":"https:\/\/www.mdecor.cz\/lecba-na-ortodoncii-vase-nedokonalosti-napravi\/","headline":"L\u00e9\u010dba na ortodoncii va\u0161e nedokonalosti naprav\u00ed","url":"https:\/\/www.mdecor.cz\/lecba-na-ortodoncii-vase-nedokonalosti-napravi\/","datePublished":"2020-04-11","dateModified":"2023-06-06","mainEntityOfPage":"https:\/\/www.mdecor.cz\/lecba-na-ortodoncii-vase-nedokonalosti-napravi\/","author":{"@type":"Person","@id":"https:\/\/www.mdecor.cz\/author\/#Person","name":"","url":"https:\/\/www.mdecor.cz\/author\/","identifier":1,"image":{"@type":"ImageObject","@id":"https:\/\/secure.gravatar.com\/avatar\/42264ea8f5170010011c6bbf811aa6c31c20ad3acf2a9bd21dca0746ea8c832a?s=96&d=mm&r=g","url":"https:\/\/secure.gravatar.com\/avatar\/42264ea8f5170010011c6bbf811aa6c31c20ad3acf2a9bd21dca0746ea8c832a?s=96&d=mm&r=g","height":96,"width":96}},"publisher":{"@type":"Organization","name":"mdecor.cz","logo":{"@type":"ImageObject","@id":"\/logo.png","url":"\/logo.png","width":600,"height":60}},"image":{"@type":"ImageObject","@id":"https:\/\/www.mdecor.cz\/wp-content\/uploads\/model%20rovn%C3%A1tek.jpg","url":"https:\/\/www.mdecor.cz\/wp-content\/uploads\/model%20rovn%C3%A1tek.jpg","height":0,"width":0},"keywords":null},{"@type":"Article","@id":"https:\/\/www.mdecor.cz\/snadny-uklid-domacnosti\/","headline":"Snadn\u00fd \u00faklid dom\u00e1cnosti","url":"https:\/\/www.mdecor.cz\/snadny-uklid-domacnosti\/","datePublished":"2020-02-15","dateModified":"2023-06-06","mainEntityOfPage":"https:\/\/www.mdecor.cz\/snadny-uklid-domacnosti\/","author":{"@type":"Person","@id":"https:\/\/www.mdecor.cz\/author\/#Person","name":"","url":"https:\/\/www.mdecor.cz\/author\/","identifier":1,"image":{"@type":"ImageObject","@id":"https:\/\/secure.gravatar.com\/avatar\/42264ea8f5170010011c6bbf811aa6c31c20ad3acf2a9bd21dca0746ea8c832a?s=96&d=mm&r=g","url":"https:\/\/secure.gravatar.com\/avatar\/42264ea8f5170010011c6bbf811aa6c31c20ad3acf2a9bd21dca0746ea8c832a?s=96&d=mm&r=g","height":96,"width":96}},"publisher":{"@type":"Organization","name":"mdecor.cz","logo":{"@type":"ImageObject","@id":"\/logo.png","url":"\/logo.png","width":600,"height":60}},"image":{"@type":"ImageObject","@id":"https:\/\/www.mdecor.cz\/wp-content\/uploads\/img_a375818_w3887_t1587455799.","url":"https:\/\/www.mdecor.cz\/wp-content\/uploads\/img_a375818_w3887_t1587455799.","height":0,"width":0},"keywords":null},{"@type":"Article","@id":"https:\/\/www.mdecor.cz\/chcete-byt-uspesni-ve-svem-oboru\/","headline":"Chcete b\u00fdt \u00fasp\u011b\u0161n\u00ed ve sv\u00e9m oboru?","url":"https:\/\/www.mdecor.cz\/chcete-byt-uspesni-ve-svem-oboru\/","datePublished":"2020-01-24","dateModified":"2023-06-06","mainEntityOfPage":"https:\/\/www.mdecor.cz\/chcete-byt-uspesni-ve-svem-oboru\/","author":{"@type":"Person","@id":"https:\/\/www.mdecor.cz\/author\/#Person","name":"","url":"https:\/\/www.mdecor.cz\/author\/","identifier":1,"image":{"@type":"ImageObject","@id":"https:\/\/secure.gravatar.com\/avatar\/42264ea8f5170010011c6bbf811aa6c31c20ad3acf2a9bd21dca0746ea8c832a?s=96&d=mm&r=g","url":"https:\/\/secure.gravatar.com\/avatar\/42264ea8f5170010011c6bbf811aa6c31c20ad3acf2a9bd21dca0746ea8c832a?s=96&d=mm&r=g","height":96,"width":96}},"publisher":{"@type":"Organization","name":"mdecor.cz","logo":{"@type":"ImageObject","@id":"\/logo.png","url":"\/logo.png","width":600,"height":60}},"image":{"@type":"ImageObject","@id":"https:\/\/www.mdecor.cz\/wp-content\/uploads\/img_a378397_w3887_t1589797308.jpg","url":"https:\/\/www.mdecor.cz\/wp-content\/uploads\/img_a378397_w3887_t1589797308.jpg","height":0,"width":0},"keywords":null},{"@type":"Article","@id":"https:\/\/www.mdecor.cz\/motorika-v-kostce\/","headline":"Motorika v kostce","url":"https:\/\/www.mdecor.cz\/motorika-v-kostce\/","datePublished":"2019-11-22","dateModified":"2023-06-06","mainEntityOfPage":"https:\/\/www.mdecor.cz\/motorika-v-kostce\/","author":{"@type":"Person","@id":"https:\/\/www.mdecor.cz\/author\/#Person","name":"","url":"https:\/\/www.mdecor.cz\/author\/","identifier":1,"image":{"@type":"ImageObject","@id":"https:\/\/secure.gravatar.com\/avatar\/42264ea8f5170010011c6bbf811aa6c31c20ad3acf2a9bd21dca0746ea8c832a?s=96&d=mm&r=g","url":"https:\/\/secure.gravatar.com\/avatar\/42264ea8f5170010011c6bbf811aa6c31c20ad3acf2a9bd21dca0746ea8c832a?s=96&d=mm&r=g","height":96,"width":96}},"publisher":{"@type":"Organization","name":"mdecor.cz","logo":{"@type":"ImageObject","@id":"\/logo.png","url":"\/logo.png","width":600,"height":60}},"image":{"@type":"ImageObject","@id":"https:\/\/www.mdecor.cz\/wp-content\/uploads\/img_a376640_w3887_t1588161779.jpg","url":"https:\/\/www.mdecor.cz\/wp-content\/uploads\/img_a376640_w3887_t1588161779.jpg","height":0,"width":0},"keywords":null},{"@type":"Article","@id":"https:\/\/www.mdecor.cz\/zmena-klimatu-na-zemi\/","headline":"Zm\u011bna klimatu na Zemi","url":"https:\/\/www.mdecor.cz\/zmena-klimatu-na-zemi\/","datePublished":"2019-11-20","dateModified":"2023-06-06","mainEntityOfPage":"https:\/\/www.mdecor.cz\/zmena-klimatu-na-zemi\/","author":{"@type":"Person","@id":"https:\/\/www.mdecor.cz\/author\/#Person","name":"","url":"https:\/\/www.mdecor.cz\/author\/","identifier":1,"image":{"@type":"ImageObject","@id":"https:\/\/secure.gravatar.com\/avatar\/42264ea8f5170010011c6bbf811aa6c31c20ad3acf2a9bd21dca0746ea8c832a?s=96&d=mm&r=g","url":"https:\/\/secure.gravatar.com\/avatar\/42264ea8f5170010011c6bbf811aa6c31c20ad3acf2a9bd21dca0746ea8c832a?s=96&d=mm&r=g","height":96,"width":96}},"publisher":{"@type":"Organization","name":"mdecor.cz","logo":{"@type":"ImageObject","@id":"\/logo.png","url":"\/logo.png","width":600,"height":60}},"image":{"@type":"ImageObject","@id":"https:\/\/www.mdecor.cz\/wp-content\/uploads\/img_a359490_w3887_t1573392872.jpg","url":"https:\/\/www.mdecor.cz\/wp-content\/uploads\/img_a359490_w3887_t1573392872.jpg","height":0,"width":0},"keywords":null},{"@type":"Article","@id":"https:\/\/www.mdecor.cz\/pracovni-etiketa-ovladate-ji-i-vy\/","headline":"Pracovn\u00ed etiketa. Ovl\u00e1d\u00e1te j\u00ed i vy?","url":"https:\/\/www.mdecor.cz\/pracovni-etiketa-ovladate-ji-i-vy\/","datePublished":"2019-11-03","dateModified":"2023-06-06","mainEntityOfPage":"https:\/\/www.mdecor.cz\/pracovni-etiketa-ovladate-ji-i-vy\/","author":{"@type":"Person","@id":"https:\/\/www.mdecor.cz\/author\/#Person","name":"","url":"https:\/\/www.mdecor.cz\/author\/","identifier":1,"image":{"@type":"ImageObject","@id":"https:\/\/secure.gravatar.com\/avatar\/42264ea8f5170010011c6bbf811aa6c31c20ad3acf2a9bd21dca0746ea8c832a?s=96&d=mm&r=g","url":"https:\/\/secure.gravatar.com\/avatar\/42264ea8f5170010011c6bbf811aa6c31c20ad3acf2a9bd21dca0746ea8c832a?s=96&d=mm&r=g","height":96,"width":96}},"publisher":{"@type":"Organization","name":"mdecor.cz","logo":{"@type":"ImageObject","@id":"\/logo.png","url":"\/logo.png","width":600,"height":60}},"image":{"@type":"ImageObject","@id":"https:\/\/www.mdecor.cz\/wp-content\/uploads\/img_a342731_w2802_t1555942674.jpg","url":"https:\/\/www.mdecor.cz\/wp-content\/uploads\/img_a342731_w2802_t1555942674.jpg","height":0,"width":0},"keywords":null},{"@type":"Article","@id":"https:\/\/www.mdecor.cz\/nezname-belorusko\/","headline":"Nezn\u00e1m\u00e9 B\u011blorusko","url":"https:\/\/www.mdecor.cz\/nezname-belorusko\/","datePublished":"2019-10-09","dateModified":"2023-06-06","mainEntityOfPage":"https:\/\/www.mdecor.cz\/nezname-belorusko\/","author":{"@type":"Person","@id":"https:\/\/www.mdecor.cz\/author\/#Person","name":"","url":"https:\/\/www.mdecor.cz\/author\/","identifier":1,"image":{"@type":"ImageObject","@id":"https:\/\/secure.gravatar.com\/avatar\/42264ea8f5170010011c6bbf811aa6c31c20ad3acf2a9bd21dca0746ea8c832a?s=96&d=mm&r=g","url":"https:\/\/secure.gravatar.com\/avatar\/42264ea8f5170010011c6bbf811aa6c31c20ad3acf2a9bd21dca0746ea8c832a?s=96&d=mm&r=g","height":96,"width":96}},"publisher":{"@type":"Organization","name":"mdecor.cz","logo":{"@type":"ImageObject","@id":"\/logo.png","url":"\/logo.png","width":600,"height":60}},"image":{"@type":"ImageObject","@id":"https:\/\/www.mdecor.cz\/wp-content\/uploads\/img_a357516_w3887_t1572099414.jpg","url":"https:\/\/www.mdecor.cz\/wp-content\/uploads\/img_a357516_w3887_t1572099414.jpg","height":0,"width":0},"keywords":null}]}