{"@context":"https:\/\/schema.org\/","@type":"CollectionPage","@id":"https:\/\/www.mdecor.cz\/spolecnosti\/#CollectionPage","headline":"Spole\u010dnosti Category","description":"","url":"https:\/\/www.mdecor.cz\/spolecnosti\/","hasPart":[{"@type":"Article","@id":"https:\/\/www.mdecor.cz\/pozadavky-na-obal-a-znacku-na-mezinarodnim-trhu\/","headline":"Po\u017eadavky na obal a zna\u010dku na mezin\u00e1rodn\u00edm trhu","url":"https:\/\/www.mdecor.cz\/pozadavky-na-obal-a-znacku-na-mezinarodnim-trhu\/","datePublished":"2018-02-28","dateModified":"2023-06-06","mainEntityOfPage":"https:\/\/www.mdecor.cz\/pozadavky-na-obal-a-znacku-na-mezinarodnim-trhu\/","author":{"@type":"Person","@id":"https:\/\/www.mdecor.cz\/author\/#Person","name":"","url":"https:\/\/www.mdecor.cz\/author\/","identifier":1,"image":{"@type":"ImageObject","@id":"https:\/\/secure.gravatar.com\/avatar\/42264ea8f5170010011c6bbf811aa6c31c20ad3acf2a9bd21dca0746ea8c832a?s=96&d=mm&r=g","url":"https:\/\/secure.gravatar.com\/avatar\/42264ea8f5170010011c6bbf811aa6c31c20ad3acf2a9bd21dca0746ea8c832a?s=96&d=mm&r=g","height":96,"width":96}},"publisher":{"@type":"Organization","name":"mdecor.cz","logo":{"@type":"ImageObject","@id":"\/logo.png","url":"\/logo.png","width":600,"height":60}},"image":{"@type":"ImageObject","@id":"https:\/\/www.mdecor.cz\/wp-content\/uploads\/img_a314210_w1733_t1524989552.jpg","url":"https:\/\/www.mdecor.cz\/wp-content\/uploads\/img_a314210_w1733_t1524989552.jpg","height":0,"width":0},"keywords":null},{"@type":"Article","@id":"https:\/\/www.mdecor.cz\/povinnosti-osob-samostatne-vydelecne-cinnych-v-oblasti-bozp\/","headline":"Povinnosti osob samostatn\u011b v\u00fdd\u011ble\u010dn\u011b \u010dinn\u00fdch v oblasti BOZP","url":"https:\/\/www.mdecor.cz\/povinnosti-osob-samostatne-vydelecne-cinnych-v-oblasti-bozp\/","datePublished":"2016-11-25","dateModified":"2023-06-06","mainEntityOfPage":"https:\/\/www.mdecor.cz\/povinnosti-osob-samostatne-vydelecne-cinnych-v-oblasti-bozp\/","author":{"@type":"Person","@id":"https:\/\/www.mdecor.cz\/author\/#Person","name":"","url":"https:\/\/www.mdecor.cz\/author\/","identifier":1,"image":{"@type":"ImageObject","@id":"https:\/\/secure.gravatar.com\/avatar\/42264ea8f5170010011c6bbf811aa6c31c20ad3acf2a9bd21dca0746ea8c832a?s=96&d=mm&r=g","url":"https:\/\/secure.gravatar.com\/avatar\/42264ea8f5170010011c6bbf811aa6c31c20ad3acf2a9bd21dca0746ea8c832a?s=96&d=mm&r=g","height":96,"width":96}},"publisher":{"@type":"Organization","name":"mdecor.cz","logo":{"@type":"ImageObject","@id":"\/logo.png","url":"\/logo.png","width":600,"height":60}},"image":{"@type":"ImageObject","@id":"https:\/\/www.mdecor.cz\/wp-content\/uploads\/img_a279187_w3887_t1602736763.jpg","url":"https:\/\/www.mdecor.cz\/wp-content\/uploads\/img_a279187_w3887_t1602736763.jpg","height":0,"width":0},"keywords":null}]}