[{"@context":"https:\/\/schema.org\/","@type":"Article","@id":"https:\/\/www.mdecor.cz\/stehovani-na-liberecku-s-profesionaly\/#Article","mainEntityOfPage":"https:\/\/www.mdecor.cz\/stehovani-na-liberecku-s-profesionaly\/","headline":"St\u011bhov\u00e1n\u00ed na Liberecku s profesion\u00e1ly","name":"St\u011bhov\u00e1n\u00ed na Liberecku s profesion\u00e1ly","description":"Kdo se st\u011bhuje na Liberecko, m\u00e1 velk\u00e9 \u0161t\u011bst\u00ed. Z osobn\u00ed zku\u0161enosti m\u016f\u017eeme potvrdit, \u017ee je to oblast jedna z nejkr\u00e1sn\u011bj\u0161\u00edch v republice. Tamn\u00ed p\u0159\u00edrodn\u00ed kr\u00e1sy, \u010dist\u00fd vzduch, klid a pohoda a harmonick\u00e9 prost\u0159ed\u00ed Jizersk\u00fdch hor v\u00e1m mohou v\u00fdznamn\u011b napom\u00e1hat i p\u0159i samotn\u00e9m st\u011bhov\u00e1n\u00ed Liberec levn\u011b. Vyu\u017eijte voln\u00fdch chvil k tomu, vydat se na kole, vlakem [&hellip;]","datePublished":"2021-03-15","dateModified":"2023-06-06","author":{"@type":"Person","@id":"https:\/\/www.mdecor.cz\/author\/#Person","name":"","url":"https:\/\/www.mdecor.cz\/author\/","identifier":1,"image":{"@type":"ImageObject","@id":"https:\/\/secure.gravatar.com\/avatar\/42264ea8f5170010011c6bbf811aa6c31c20ad3acf2a9bd21dca0746ea8c832a?s=96&d=mm&r=g","url":"https:\/\/secure.gravatar.com\/avatar\/42264ea8f5170010011c6bbf811aa6c31c20ad3acf2a9bd21dca0746ea8c832a?s=96&d=mm&r=g","height":96,"width":96}},"publisher":{"@type":"Organization","name":"mdecor.cz","logo":{"@type":"ImageObject","@id":"\/logo.png","url":"\/logo.png","width":600,"height":60}},"image":{"@type":"ImageObject","@id":"https:\/\/www.mdecor.cz\/wp-content\/uploads\/pohled%20na%20Je%C5%A1t%C4%9Bd_2.jpg","url":"https:\/\/www.mdecor.cz\/wp-content\/uploads\/pohled%20na%20Je%C5%A1t%C4%9Bd_2.jpg","height":0,"width":0},"url":"https:\/\/www.mdecor.cz\/stehovani-na-liberecku-s-profesionaly\/","about":["N\u00e1kupy"],"wordCount":443,"articleBody":"      Kdo se st\u011bhuje na Liberecko, m\u00e1 velk\u00e9 \u0161t\u011bst\u00ed. Z osobn\u00ed zku\u0161enosti m\u016f\u017eeme potvrdit, \u017ee je to oblast jedna z nejkr\u00e1sn\u011bj\u0161\u00edch v republice. Tamn\u00ed p\u0159\u00edrodn\u00ed kr\u00e1sy, \u010dist\u00fd vzduch, klid a pohoda a harmonick\u00e9 prost\u0159ed\u00ed Jizersk\u00fdch hor v\u00e1m mohou v\u00fdznamn\u011b napom\u00e1hat i p\u0159i samotn\u00e9m st\u011bhov\u00e1n\u00ed Liberec levn\u011b.Vyu\u017eijte voln\u00fdch chvil k tomu, vydat se na kole, vlakem nebo autem do p\u0159\u00edrody, kdykoli budete c\u00edtit, \u017ee je st\u011bhovac\u00ed procedura nad va\u0161e s\u00edly. To se t\u00fdk\u00e1 samoz\u0159ejm\u011b i situac\u00ed, na kter\u00e9 si sjedn\u00e1v\u00e1te profesion\u00e1ly. Va\u0161e zdrav\u00ed za to stoj\u00ed a p\u0159edev\u0161\u00edm si jej nikde nekoup\u00edte. Nebudou v\u00e1m platn\u00e9 ani va\u0161e \u00faspory, kdy\u017e si oslab\u00edte imunitu, onemocn\u00edte nebo utrp\u00edte \u00faraz. Nezapom\u00ednejte, \u017ee l\u00e9ka\u0159sk\u00e1 o\u0161et\u0159en\u00ed ne\u0159e\u0161\u00ed p\u0159\u00ed\u010dinu chorob, pouze n\u00e1sledky, a \u017ee mnoh\u00e9 z nich mohou b\u00fdt p\u0159i podce\u0148ov\u00e1n\u00ed prevence i nevratn\u00e9 nebo dokonce fat\u00e1ln\u00ed.St\u011bhovac\u00ed firmy rozeb\u00edraj\u00ed a montuj\u00ed i n\u00e1bytek \u2013 je-li to i v\u00e1\u0161 p\u0159\u00edpad a pot\u0159ebujete p\u0159est\u011bhovat i kuchy\u0148 nebo sk\u0159\u00ed\u0148 sestavovanou na m\u00edru, st\u011bhov\u00e1ci jsou na tyto situace p\u0159ipraveni. Mohou dokonce p\u0159izp\u016fsobit rozm\u011bry vestav\u011bn\u00fdch sk\u0159\u00edn\u00ed nov\u00e9mu prost\u0159ed\u00ed, mohou upravit kuchy\u0148 podle nov\u00e9ho konceptu (je-li to technicky mo\u017en\u00e9), mohou zapojit vodovodn\u00ed baterii, d\u0159ez, namontovat garn\u00fd\u017ee, nainstalovat sv\u011btla, zkr\u00e1tka v\u0161e, co se zabydlov\u00e1n\u00edm souvis\u00ed.Jak s krabicemi a balic\u00edm materi\u00e1lem \u2013 budete pot\u0159ebovat dostatek pevn\u00fdch kartonov\u00fdch krabic, a pokud je nese\u017eenete v obchodn\u00edch centrech, daj\u00ed se pronajmout u st\u011bhovac\u00edch firem, anebo zakoupit ve specializovan\u00fdch obchodech. Vsadit m\u016f\u017eete i na osv\u011bd\u010denou bublinkovou f\u00f3lii, s tou zabal\u00edte tak\u0159ka v\u0161e a nav\u00edc nen\u00ed drah\u00e1. Hodit se m\u016f\u017ee i tenk\u00e1 pru\u017en\u00e1 (flexi) f\u00f3lie na balen\u00ed n\u00e1bytku a spot\u0159ebi\u010d\u016f.A co parkovac\u00ed m\u00edsto? M\u011bli byste p\u0159edem zn\u00e1t rozm\u011bry st\u011bhovac\u00edho vozu a dle toho se za\u0159\u00eddit s parkovac\u00edm m\u00edstem jak tam, odkud se st\u011bhujete, tak i na c\u00edlov\u00e9m stanovi\u0161ti. Zpoplatn\u011bn\u00fdch parkovac\u00edch oblast\u00ed je v Liberci mnoho, a pokud se to t\u00fdk\u00e1 i v\u00e1s, pak budete mo\u017en\u00e1 nuceni za\u017e\u00e1dat o v\u00fdjimku na m\u011bstsk\u00e9m \u00fa\u0159adu. Vy\u0159\u00edzen\u00ed va\u0161eho po\u017eadavku ale m\u016f\u017ee trvat a\u017e 30 dn\u016f.                                                                                                                                                                                                                                                                                                                                                                                          3.9\/5 - (8 votes)        "},{"@context":"https:\/\/schema.org\/","@type":"BreadcrumbList","itemListElement":[{"@type":"ListItem","position":1,"name":"St\u011bhov\u00e1n\u00ed na Liberecku s profesion\u00e1ly","item":"https:\/\/www.mdecor.cz\/stehovani-na-liberecku-s-profesionaly\/#breadcrumbitem"}]}]