[{"@context":"https:\/\/schema.org\/","@type":"Article","@id":"https:\/\/www.mdecor.cz\/uzijte-si-svou-svatbu-v-tech-pravych-satech\/#Article","mainEntityOfPage":"https:\/\/www.mdecor.cz\/uzijte-si-svou-svatbu-v-tech-pravych-satech\/","headline":"U\u017eijte si svou svatbu v t\u011bch prav\u00fdch \u0161atech","name":"U\u017eijte si svou svatbu v t\u011bch prav\u00fdch \u0161atech","description":"Svatba je velk\u00e1 v\u011bc a velmi d\u016fle\u017eit\u00fd okam\u017eik v \u017eivot\u011b ka\u017ed\u00e9ho \u010dlov\u011bka, proto nen\u00ed divu, \u017ee se na ni ka\u017ed\u00fd pe\u010dliv\u011b p\u0159ipravuje, a to u\u017e dlouho dop\u0159edu. Je pot\u0159eba spr\u00e1vn\u011b zvolit celou \u0159adu v\u011bc\u00ed, bez kter\u00fdch se neobejdete. A i na t\u00e9 nejmen\u0161\u00ed a nejv\u00edce skromn\u00e9 veselce na sob\u011b budete muset m\u00edt vhodn\u00e9 svatebn\u00ed \u0161aty. [&hellip;]","datePublished":"2019-09-13","dateModified":"2023-06-06","author":{"@type":"Person","@id":"https:\/\/www.mdecor.cz\/author\/#Person","name":"","url":"https:\/\/www.mdecor.cz\/author\/","identifier":1,"image":{"@type":"ImageObject","@id":"https:\/\/secure.gravatar.com\/avatar\/42264ea8f5170010011c6bbf811aa6c31c20ad3acf2a9bd21dca0746ea8c832a?s=96&d=mm&r=g","url":"https:\/\/secure.gravatar.com\/avatar\/42264ea8f5170010011c6bbf811aa6c31c20ad3acf2a9bd21dca0746ea8c832a?s=96&d=mm&r=g","height":96,"width":96}},"publisher":{"@type":"Organization","name":"mdecor.cz","logo":{"@type":"ImageObject","@id":"\/logo.png","url":"\/logo.png","width":600,"height":60}},"image":{"@type":"ImageObject","@id":"https:\/\/www.mdecor.cz\/wp-content\/uploads\/img_a347637_w1690_t1562136864.jpg","url":"https:\/\/www.mdecor.cz\/wp-content\/uploads\/img_a347637_w1690_t1562136864.jpg","height":0,"width":0},"url":"https:\/\/www.mdecor.cz\/uzijte-si-svou-svatbu-v-tech-pravych-satech\/","about":["Kultura"],"wordCount":439,"articleBody":"         Svatba je velk\u00e1 v\u011bc a velmi d\u016fle\u017eit\u00fd okam\u017eik v \u017eivot\u011b ka\u017ed\u00e9ho \u010dlov\u011bka, proto nen\u00ed divu, \u017ee se na ni ka\u017ed\u00fd pe\u010dliv\u011b p\u0159ipravuje, a to u\u017e dlouho dop\u0159edu. Je pot\u0159eba spr\u00e1vn\u011b zvolit celou \u0159adu v\u011bc\u00ed, bez kter\u00fdch se neobejdete. A i na t\u00e9 nejmen\u0161\u00ed a nejv\u00edce skromn\u00e9 veselce na sob\u011b budete muset m\u00edt vhodn\u00e9 svatebn\u00ed \u0161aty. Mus\u00edte si tedy vybrat ty prav\u00e9, ve kter\u00fdch se budete sob\u011b i ostatn\u00edm l\u00edbit, ve kter\u00fdch se budete c\u00edtit dob\u0159e, a i po letech se r\u00e1da pod\u00edv\u00e1te na sv\u00e9 svatebn\u00ed fotografie.  Svatebn\u00ed \u0161aty si m\u016f\u017eete po\u0159\u00eddit r\u016fzn\u00fdmi zp\u016fsoby. D\u0159\u00edve nebylo v\u00fdjimkou ani to, kdy\u017e nev\u011bsty \u0161aty zd\u011bdily po matce \u2013 to se u\u017e dnes p\u0159\u00edli\u0161 \u010dasto nest\u00e1v\u00e1. Nicm\u00e9n\u011b i tak si m\u016f\u017eete \u0161aty pouze p\u016fj\u010dit anebo si je p\u0159\u00edmo koupit. Z\u00e1le\u017e\u00ed na tom, zda si je budete cht\u00edt ponechat na pam\u00e1tku, a zda v\u00e1m nebude vadit, kdy\u017e je na sob\u011b p\u0159ed v\u00e1mi m\u011bla ji\u017e d\u0159\u00edve jin\u00e1 nev\u011bsta. A samoz\u0159ejm\u011b si m\u016f\u017eete nechat u\u0161\u00edt \u0161aty p\u0159\u00edmo na m\u00edru. Volit m\u016f\u017eete z r\u016fzn\u00fdch materi\u00e1l\u016f a r\u016fzn\u00fdch st\u0159ih\u016f, a rozhodn\u011b se neomezujte pouze t\u00edm, co zrovna je \u010di nen\u00ed v m\u00f3d\u011b. Jedn\u00e1 se o v\u00e1\u0161 velk\u00fd den a ve sv\u00fdch \u0161atech se tud\u00ed\u017e mus\u00edte c\u00edtit co nejl\u00e9pe, proto\u017ee na tom, jak v\u00e1m na svatb\u011b bude, budete je\u0161t\u011b hodn\u011b dlouho vzpom\u00ednat. Nav\u00edc, na zamra\u010denou a ne\u0161\u0165astnou nev\u011bstu by jist\u011b nebyl p\u011bkn\u00fd pohled.  Dr\u017eet se dokonce nemus\u00edte ani toho, \u017ee by nev\u011bsta m\u011bla b\u00fdt cel\u00e1 v b\u00edl\u00e9m. https:\/\/www.smsticket.cz\/skupiny\/231-prvni-prodlouzena-v-bilem-ts-starlet  Nen\u00ed to pravda \u2013 jedn\u00e1 se o novodobou tradici, kter\u00e1 se nav\u00edc v sou\u010dasnosti st\u00e1le \u010dast\u011bji poru\u0161uje, tak\u017ee pokud v\u00e1m barva z libovoln\u00e9ho d\u016fvodu nelichot\u00ed, anebo se v\u00e1m ani nel\u00edb\u00ed, tak si nev\u00e1hejte zvolit jinou. Nav\u00edc existuje \u0161ikovn\u00fd kompromis, pokud se nechcete b\u00edl\u00e9 barvy tak \u00fapln\u011b vzd\u00e1t, ale nechcete p\u016fsobit p\u0159\u00edli\u0161 bled\u011b \u2013 pak m\u016f\u017eete s\u00e1hnout t\u0159eba po barv\u011b \u0161ampa\u0148sk\u00e9ho anebo po smetanov\u00e9. Pokud si zam\u00ed\u0159\u00edte vybrat do osv\u011bd\u010den\u00e9 p\u016fj\u010dovny svatebn\u00edch \u0161at\u016f Praha http:\/\/www.svatebni-saty-spolecenske-plesove.cz\/, tak rozhodn\u011b neud\u011bl\u00e1te chybu.                                                                                                                                                                                                                                                                                                                                                                                           3.5\/5 - (8 votes)        "},{"@context":"https:\/\/schema.org\/","@type":"BreadcrumbList","itemListElement":[{"@type":"ListItem","position":1,"name":"U\u017eijte si svou svatbu v t\u011bch prav\u00fdch \u0161atech","item":"https:\/\/www.mdecor.cz\/uzijte-si-svou-svatbu-v-tech-pravych-satech\/#breadcrumbitem"}]}]