[{"@context":"https:\/\/schema.org\/","@type":"Article","@id":"https:\/\/www.mdecor.cz\/zmena-klimatu-na-zemi\/#Article","mainEntityOfPage":"https:\/\/www.mdecor.cz\/zmena-klimatu-na-zemi\/","headline":"Zm\u011bna klimatu na Zemi","name":"Zm\u011bna klimatu na Zemi","description":"Za posledn\u00edch 100 let se na zemsk\u00e9 tv\u00e1\u0159i po\u010det zem\u011bt\u0159esen\u00ed, torn\u00e1d a katastrof n\u011bkolikan\u00e1sobn\u011b zvedl. Nem\u016f\u017eeme to v\u0161ak \u0159\u00edct s&nbsp;ur\u010ditost\u00ed, proto\u017ee kvalita zaznamen\u00e1v\u00e1n\u00ed p\u0159ed sto lety a dnes, je v&nbsp;propastn\u00e9m nepom\u011bru d\u00edky technologick\u00e9mu pokroku. Co se t\u00fd\u010de katastrofick\u00fdch bou\u0159\u00ed, nemusela se zvednout jejich \u010detnost, ale sp\u00ed\u0161e jejich s\u00edla a m\u00edsta p\u016fsoben\u00ed. Dle klimatologa Jima Elsnera [&hellip;]","datePublished":"2019-11-20","dateModified":"2023-06-06","author":{"@type":"Person","@id":"https:\/\/www.mdecor.cz\/author\/#Person","name":"","url":"https:\/\/www.mdecor.cz\/author\/","identifier":1,"image":{"@type":"ImageObject","@id":"https:\/\/secure.gravatar.com\/avatar\/42264ea8f5170010011c6bbf811aa6c31c20ad3acf2a9bd21dca0746ea8c832a?s=96&d=mm&r=g","url":"https:\/\/secure.gravatar.com\/avatar\/42264ea8f5170010011c6bbf811aa6c31c20ad3acf2a9bd21dca0746ea8c832a?s=96&d=mm&r=g","height":96,"width":96}},"publisher":{"@type":"Organization","name":"mdecor.cz","logo":{"@type":"ImageObject","@id":"\/logo.png","url":"\/logo.png","width":600,"height":60}},"image":{"@type":"ImageObject","@id":"https:\/\/www.mdecor.cz\/wp-content\/uploads\/img_a359490_w3887_t1573392872.jpg","url":"https:\/\/www.mdecor.cz\/wp-content\/uploads\/img_a359490_w3887_t1573392872.jpg","height":0,"width":0},"url":"https:\/\/www.mdecor.cz\/zmena-klimatu-na-zemi\/","about":["Spole\u010dnosti"],"wordCount":575,"articleBody":"Za posledn\u00edch 100 let se na zemsk\u00e9 tv\u00e1\u0159i po\u010det zem\u011bt\u0159esen\u00ed, torn\u00e1d a katastrof n\u011bkolikan\u00e1sobn\u011b zvedl. Nem\u016f\u017eeme to v\u0161ak \u0159\u00edct s&nbsp;ur\u010ditost\u00ed, proto\u017ee kvalita zaznamen\u00e1v\u00e1n\u00ed p\u0159ed sto lety a dnes, je v&nbsp;propastn\u00e9m nepom\u011bru d\u00edky technologick\u00e9mu pokroku. Co se t\u00fd\u010de katastrofick\u00fdch bou\u0159\u00ed, nemusela se zvednout jejich \u010detnost, ale sp\u00ed\u0161e jejich s\u00edla a m\u00edsta p\u016fsoben\u00ed. Dle klimatologa Jima Elsnera z&nbsp;Floridsk\u00e9 st\u00e1tn\u00ed univerzity, vzrostla od roku 1981 maxim\u00e1ln\u00ed rychlost v\u011btru nejsiln\u011bj\u0161\u00edch hurik\u00e1n\u016f.To proto, \u017ee teplej\u0161\u00ed oce\u00e1ny poskytuj\u00ed bou\u0159\u00edm v\u00edce energie a ty jsou pak intenzivn\u011bj\u0161\u00ed. Hurik\u00e1ny hraj\u00ed na Zemi d\u016fle\u017eitou roli t\u00edm, \u017ee vyva\u017euj\u00ed zemsk\u00e9 teplo. Vys\u00e1vaj\u00ed teplo z&nbsp;tropick\u00fdch oce\u00e1n\u016f ve form\u011b vlhkosti, a to se pak dost\u00e1v\u00e1 do atmosf\u00e9ry, jsou jak\u00fdmsi pojistn\u00fdm ventilem proti p\u0159eh\u0159\u00edv\u00e1n\u00ed. Zaznamen\u00e1v\u00e1n\u00ed hurik\u00e1n\u016f satelity trv\u00e1 teprve 50 let, proto dle n\u011bkter\u00fdch v\u011bdc\u016f, nen\u00ed dostatek dat k&nbsp;porovn\u00e1v\u00e1n\u00ed a p\u0159edv\u00edd\u00e1n\u00ed intenzity hurik\u00e1n\u016f, ale dle Elsnera je intenzita hurik\u00e1n\u016f zjevn\u00e1 u\u017e dnes, \u0159\u00edk\u00e1: &bdquo;Ji\u017e bylo prok\u00e1z\u00e1no, \u017ee nejv\u011bt\u0161\u00ed hurik\u00e1ny jsou \u010d\u00edm d\u00e1l t\u00edm siln\u011bj\u0161\u00ed.&ldquo; Dle zpr\u00e1vy organizace National Climate Assessment, je toto tvrzen\u00ed pravdiv\u00e9. Na jedn\u00e9 stran\u011b velk\u00e9 hurik\u00e1ny a na druh\u00e9 obrovsk\u00e9 lesn\u00ed po\u017e\u00e1ry, sucha, z\u00e1plavy, zem\u011bt\u0159esen\u00ed, katastrofy, kter\u00e9 p\u0159ib\u00fdvaj\u00ed. Kde se to a\u017e zastav\u00ed, v\u00ed B\u016fh.Co zp\u016fsobuje oteplov\u00e1n\u00ed?O tom, co je p\u0159\u00ed\u010dinou glob\u00e1ln\u00edho oteplov\u00e1n\u00ed, koluje spousta dohad\u016f. M\u016f\u017ee to b\u00fdt zp\u016fsobeno lidskou \u010dinnost\u00ed, odles\u0148ov\u00e1n\u00edm, mno\u017estv\u00edm vypou\u0161t\u011bn\u00e9ho oxidu uhli\u010dit\u00e9ho do atmosf\u00e9ry nebo tak\u00e9 vy\u0161\u0161\u00ed aktivitou Slunce. V\u011b\u0159\u00edm, \u017ee v\u0161echno to m\u016f\u017ee m\u00edt vliv. Nejv\u00edce v\u0161ak, lidsk\u00e1 \u010dinnost p\u0159estupov\u00e1n\u00ed vlastn\u00edho sv\u011bdom\u00ed a uspokojov\u00e1n\u00ed ho v po\u017eitc\u00edch, chut\u00edch a nadbyte\u010dn\u011b nepot\u0159ebn\u00fdch materi\u00e1ln\u00edch v\u011bcech, mor\u00e1ln\u00ed zka\u017eenosti a p\u0159estupov\u00e1n\u00ed z\u00e1konitost\u00ed, kter\u00e9 doslova likviduj\u00ed planetu. D\u00edky modern\u00edm technologi\u00edm a globalizace, to v\u0161e souvis\u00ed se v\u0161\u00edm.Je v&nbsp;lidsk\u00fdch sil\u00e1ch to zvr\u00e1tit?Jsem p\u0159esv\u011bd\u010den, \u017ee je nutn\u00e9 na \u00farovni ka\u017ed\u00e9ho jedince, pochopit vlastn\u00ed pom\u00edjivost a k\u0159ehkost. T\u00edm, jak \u017eije vlastn\u00ed \u017eivot, p\u016fsob\u00ed na sv\u00e9 okol\u00ed. A pokud \u017eije v\u00edce jedinc\u016f sebedestruktivn\u00edm \u017eivotem, jejich vliv m\u016f\u017ee m\u00edt celosv\u011btov\u00e9 d\u016fsledky. A toho jsme sv\u011bdky. &nbsp;Ka\u017ed\u00fd p\u0159em\u00fd\u0161lej\u00edc\u00ed jedinec, by se m\u011bl zamyslet nad smyslem \u017eivota a hledat Pravdu, ne\u017e jeho \u017eivot se jako p\u00e1ra nad hrncem rozplyne. &nbsp;B\u016fh v Bibli \u0159\u00edk\u00e1: &bdquo;Navra\u0165te se ke mn\u011b a j\u00e1 v\u00e1s vyl\u00e9\u010d\u00edm, zachov\u00e1vejte m\u00e1 p\u0159ik\u00e1z\u00e1n\u00ed a budete \u017e\u00edt.&ldquo; T\u00edm je my\u0161len nejenom \u017eivot zde na Zemi, ale i \u017eivot v\u011b\u010dn\u00fd. Pokud v\u0161ak \u017e\u00e1dn\u00fd B\u016fh nen\u00ed a v\u0161e, co vid\u00edme, je jen v\u00fdsledkem n\u00e1hod, v\u010detn\u011b katastrof i glob\u00e1ln\u00edho oteplov\u00e1n\u00ed, tak n\u00e1m B\u016fh pom\u00e1hej.                                                                                                                                                                                                                                                                                                                                                                                        4.7\/5 - (6 votes)        "},{"@context":"https:\/\/schema.org\/","@type":"BreadcrumbList","itemListElement":[{"@type":"ListItem","position":1,"name":"Zm\u011bna klimatu na Zemi","item":"https:\/\/www.mdecor.cz\/zmena-klimatu-na-zemi\/#breadcrumbitem"}]}]